{"id":9702,"date":"2020-08-31T13:30:57","date_gmt":"2020-08-31T11:30:57","guid":{"rendered":"https:\/\/apartis.swiss\/?p=9702"},"modified":"2020-08-31T13:52:17","modified_gmt":"2020-08-31T11:52:17","slug":"proprietaire-velo","status":"publish","type":"post","link":"https:\/\/apartis.swiss\/site\/proprietaire-velo\/","title":{"rendered":"Aux propri\u00e9taires de v\u00e9los"},"content":{"rendered":"<p><strong><img loading=\"lazy\" decoding=\"async\" class=\"alignright wp-image-9699 size-square\" src=\"https:\/\/apartis.swiss\/site\/wp-content\/uploads\/2020\/02\/operation_velo-180x180.png\" alt=\"\" width=\"180\" height=\"180\" srcset=\"https:\/\/apartis.swiss\/site\/wp-content\/uploads\/2020\/02\/operation_velo-180x180.png 180w, https:\/\/apartis.swiss\/site\/wp-content\/uploads\/2020\/02\/operation_velo-300x300.png 300w, https:\/\/apartis.swiss\/site\/wp-content\/uploads\/2020\/02\/operation_velo-80x80.png 80w, https:\/\/apartis.swiss\/site\/wp-content\/uploads\/2020\/02\/operation_velo-36x36.png 36w, https:\/\/apartis.swiss\/site\/wp-content\/uploads\/2020\/02\/operation_velo.png 350w\" sizes=\"(max-width: 180px) 100vw, 180px\" \/><\/strong>De vieux v\u00e9los encombrent inutilement l\u2019emplacement \u00e0 v\u00e9los. Afin de lib\u00e9rer de la place dans les abris \u00e0 v\u00e9los, nous allons \u00e9liminer les deux roues sans propri\u00e9taire.<\/p>\n<p>Comment faire ?<\/p>\n<ul>\n<li>Veuillez \u00e9tiqueter clairement votre v\u00e9lo (avec nom et date) d\u2019ici au <strong>28 septembre 2020<\/strong>.<\/li>\n<li><span style=\"color: #ff0000;\">Tout v\u00e9lo sans propri\u00e9taire (sans \u00e9tiquette et sans date actuelle) sera \u00e9vacu\u00e9 d\u00e8s le <strong>29 septembre 2020<\/strong>.<\/span><\/li>\n<\/ul>\n<p>Pour tout compl\u00e9ment ou question, nous restons \u00e0 votre disposition.<\/p>\n<p>Merci de votre pr\u00e9cieuse collaboration !<\/p>\n","protected":false},"excerpt":{"rendered":"<p>De vieux v\u00e9los encombrent inutilement l\u2019emplacement \u00e0 v\u00e9los. Afin de lib\u00e9rer de la place dans les abris \u00e0 v\u00e9los, nous allons \u00e9liminer les deux roues sans propri\u00e9taire. Comment faire ? Veuillez \u00e9tiqueter clairement votre v\u00e9lo (avec nom et date) d\u2019ici au 28 septembre 2020. Tout v\u00e9lo sans propri\u00e9taire (sans \u00e9tiquette et sans date actuelle) sera [&hellip;]<\/p>\n","protected":false},"author":2,"featured_media":9699,"comment_status":"closed","ping_status":"closed","sticky":false,"template":"","format":"standard","meta":{"footnotes":""},"categories":[12],"tags":[],"class_list":["post-9702","post","type-post","status-publish","format-standard","has-post-thumbnail","hentry","category-apartis-fr"],"publishpress_future_action":{"enabled":false,"date":"2026-09-08 08:08:06","action":"change-status","newStatus":"draft","terms":[],"taxonomy":"category"},"_links":{"self":[{"href":"https:\/\/apartis.swiss\/site\/wp-json\/wp\/v2\/posts\/9702"}],"collection":[{"href":"https:\/\/apartis.swiss\/site\/wp-json\/wp\/v2\/posts"}],"about":[{"href":"https:\/\/apartis.swiss\/site\/wp-json\/wp\/v2\/types\/post"}],"author":[{"embeddable":true,"href":"https:\/\/apartis.swiss\/site\/wp-json\/wp\/v2\/users\/2"}],"replies":[{"embeddable":true,"href":"https:\/\/apartis.swiss\/site\/wp-json\/wp\/v2\/comments?post=9702"}],"version-history":[{"count":0,"href":"https:\/\/apartis.swiss\/site\/wp-json\/wp\/v2\/posts\/9702\/revisions"}],"wp:featuredmedia":[{"embeddable":true,"href":"https:\/\/apartis.swiss\/site\/wp-json\/wp\/v2\/media\/9699"}],"wp:attachment":[{"href":"https:\/\/apartis.swiss\/site\/wp-json\/wp\/v2\/media?parent=9702"}],"wp:term":[{"taxonomy":"category","embeddable":true,"href":"https:\/\/apartis.swiss\/site\/wp-json\/wp\/v2\/categories?post=9702"},{"taxonomy":"post_tag","embeddable":true,"href":"https:\/\/apartis.swiss\/site\/wp-json\/wp\/v2\/tags?post=9702"}],"curies":[{"name":"wp","href":"https:\/\/api.w.org\/{rel}","templated":true}]}}