{"id":8135,"date":"2019-10-28T18:16:12","date_gmt":"2019-10-28T17:16:12","guid":{"rendered":"https:\/\/apartis.swiss\/?p=8135"},"modified":"2020-02-20T08:41:15","modified_gmt":"2020-02-20T07:41:15","slug":"apartis-a-obtenu-le-label-carbon-fri","status":"publish","type":"post","link":"https:\/\/apartis.swiss\/site\/apartis-a-obtenu-le-label-carbon-fri\/","title":{"rendered":"La Fondation Apartis &#8211; labellis\u00e9e \u00ab CARBON FRI \u00bb"},"content":{"rendered":"<p>La Fondation pour le logement des \u00e9tudiants Apartis s\u2019est vu octroy\u00e9 le label Carbon Fri pour l\u2019ensemble de ses activit\u00e9s. La Fondation Apartis r\u00e9alise depuis plusieurs ann\u00e9es son bilan CO<sub>2<\/sub>\u00a0avec la soci\u00e9t\u00e9 Climate Services et a souhait\u00e9 s\u2019investir davantage pour l\u2019environnement local.<\/p>\n<p>La Fondation Carbon Fri, cr\u00e9\u00e9e d\u00e9but 2018 a pour but de favoriser une r\u00e9duction des \u00e9missions de CO<sub>2<\/sub> par les entreprises fribourgeoises. Pour ce faire, elle attribue le label \u00ab CARBON FRI \u00bb \u00e0 celles qui s\u2019engagent \u00e0 diminuer leurs \u00e9missions de CO<sub>2<\/sub> et \u00e0 investir dans la Fondation une contribution par tonne de CO<sub>2<\/sub> rejet\u00e9e dans l\u2019atmosph\u00e8re. L&rsquo;entier des fonds r\u00e9colt\u00e9s est redonn\u00e9 dans le tissu \u00e9conomique fribourgeois en soutenant des projets locaux r\u00e9duisant l\u2019\u00e9mission de CO2 ne pouvant pas b\u00e9n\u00e9ficier des aides existantes.<\/p>\n<p align=\"justify\"><a href=\"https:\/\/www.carbonfri.ch\" target=\"_blank\" rel=\"noopener noreferrer\">www.carbonfri.ch<\/a><\/p>\n","protected":false},"excerpt":{"rendered":"<p>La Fondation pour le logement des \u00e9tudiants Apartis s\u2019est vu octroy\u00e9 le label Carbon Fri pour l\u2019ensemble de ses activit\u00e9s. La Fondation Apartis r\u00e9alise depuis plusieurs ann\u00e9es son bilan CO2\u00a0avec la soci\u00e9t\u00e9 Climate Services et a souhait\u00e9 s\u2019investir davantage pour l\u2019environnement local. La Fondation Carbon Fri, cr\u00e9\u00e9e d\u00e9but 2018 a pour but de favoriser une [&hellip;]<\/p>\n","protected":false},"author":2,"featured_media":8981,"comment_status":"closed","ping_status":"closed","sticky":false,"template":"","format":"standard","meta":{"footnotes":""},"categories":[12],"tags":[],"class_list":["post-8135","post","type-post","status-publish","format-standard","has-post-thumbnail","hentry","category-apartis-fr"],"publishpress_future_action":{"enabled":false,"date":"2026-09-08 08:46:55","action":"change-status","newStatus":"draft","terms":[],"taxonomy":"category"},"_links":{"self":[{"href":"https:\/\/apartis.swiss\/site\/wp-json\/wp\/v2\/posts\/8135"}],"collection":[{"href":"https:\/\/apartis.swiss\/site\/wp-json\/wp\/v2\/posts"}],"about":[{"href":"https:\/\/apartis.swiss\/site\/wp-json\/wp\/v2\/types\/post"}],"author":[{"embeddable":true,"href":"https:\/\/apartis.swiss\/site\/wp-json\/wp\/v2\/users\/2"}],"replies":[{"embeddable":true,"href":"https:\/\/apartis.swiss\/site\/wp-json\/wp\/v2\/comments?post=8135"}],"version-history":[{"count":0,"href":"https:\/\/apartis.swiss\/site\/wp-json\/wp\/v2\/posts\/8135\/revisions"}],"wp:featuredmedia":[{"embeddable":true,"href":"https:\/\/apartis.swiss\/site\/wp-json\/wp\/v2\/media\/8981"}],"wp:attachment":[{"href":"https:\/\/apartis.swiss\/site\/wp-json\/wp\/v2\/media?parent=8135"}],"wp:term":[{"taxonomy":"category","embeddable":true,"href":"https:\/\/apartis.swiss\/site\/wp-json\/wp\/v2\/categories?post=8135"},{"taxonomy":"post_tag","embeddable":true,"href":"https:\/\/apartis.swiss\/site\/wp-json\/wp\/v2\/tags?post=8135"}],"curies":[{"name":"wp","href":"https:\/\/api.w.org\/{rel}","templated":true}]}}