{"id":5849,"date":"2018-11-27T17:51:21","date_gmt":"2018-11-27T16:51:21","guid":{"rendered":"https:\/\/apartis.swiss\/site\/?p=5849"},"modified":"2019-05-28T16:26:21","modified_gmt":"2019-05-28T14:26:21","slug":"pose-de-la-premiere-pierre","status":"publish","type":"post","link":"https:\/\/apartis.swiss\/site\/pose-de-la-premiere-pierre\/","title":{"rendered":"Pose de la premi\u00e8re pierre"},"content":{"rendered":"<p>La premi\u00e8re pierre de la Fonderie a \u00e9t\u00e9 pos\u00e9e le 27 novembre 2018 au sommet de la butte de P\u00e9rolles, en face de la salle de concert Fri-Son. D&rsquo;ici 2020, plus de 170 appartements pour \u00e9tudiants et jeunes adultes y seront r\u00e9alis\u00e9s.<\/p>\n\n\t\t<style type=\"text\/css\">\n\t\t\t#gallery-1 {\n\t\t\t\tmargin: auto;\n\t\t\t}\n\t\t\t#gallery-1 .gallery-item {\n\t\t\t\tfloat: left;\n\t\t\t\tmargin-top: 10px;\n\t\t\t\ttext-align: center;\n\t\t\t\twidth: 33%;\n\t\t\t}\n\t\t\t#gallery-1 img {\n\t\t\t\tborder: 2px solid #cfcfcf;\n\t\t\t}\n\t\t\t#gallery-1 .gallery-caption {\n\t\t\t\tmargin-left: 0;\n\t\t\t}\n\t\t\t\/* see gallery_shortcode() in wp-includes\/media.php *\/\n\t\t<\/style>\n\t\t<div id='gallery-1' class='gallery galleryid-5849 gallery-columns-3 gallery-size-thumbnail'><dl class='gallery-item'>\n\t\t\t<dt class='gallery-icon portrait'>\n\t\t\t\t<a href='https:\/\/apartis.swiss\/site\/pose-de-la-premiere-pierre\/buttes_premiere_pierre-01\/'><img loading=\"lazy\" decoding=\"async\" width=\"80\" height=\"80\" src=\"https:\/\/apartis.swiss\/site\/wp-content\/uploads\/2019\/04\/Buttes_premiere_pierre-01-80x80.jpg\" class=\"attachment-thumbnail size-thumbnail\" alt=\"\" srcset=\"https:\/\/apartis.swiss\/site\/wp-content\/uploads\/2019\/04\/Buttes_premiere_pierre-01-80x80.jpg 80w, https:\/\/apartis.swiss\/site\/wp-content\/uploads\/2019\/04\/Buttes_premiere_pierre-01-36x36.jpg 36w, https:\/\/apartis.swiss\/site\/wp-content\/uploads\/2019\/04\/Buttes_premiere_pierre-01-180x180.jpg 180w, https:\/\/apartis.swiss\/site\/wp-content\/uploads\/2019\/04\/Buttes_premiere_pierre-01-120x120.jpg 120w, https:\/\/apartis.swiss\/site\/wp-content\/uploads\/2019\/04\/Buttes_premiere_pierre-01-450x450.jpg 450w\" sizes=\"(max-width: 80px) 100vw, 80px\" \/><\/a>\n\t\t\t<\/dt><\/dl><dl class='gallery-item'>\n\t\t\t<dt class='gallery-icon portrait'>\n\t\t\t\t<a href='https:\/\/apartis.swiss\/site\/pose-de-la-premiere-pierre\/buttes_premiere_pierre-02\/'><img loading=\"lazy\" decoding=\"async\" width=\"80\" height=\"80\" src=\"https:\/\/apartis.swiss\/site\/wp-content\/uploads\/2019\/04\/Buttes_premiere_pierre-02-80x80.jpg\" class=\"attachment-thumbnail size-thumbnail\" alt=\"\" srcset=\"https:\/\/apartis.swiss\/site\/wp-content\/uploads\/2019\/04\/Buttes_premiere_pierre-02-80x80.jpg 80w, https:\/\/apartis.swiss\/site\/wp-content\/uploads\/2019\/04\/Buttes_premiere_pierre-02-36x36.jpg 36w, https:\/\/apartis.swiss\/site\/wp-content\/uploads\/2019\/04\/Buttes_premiere_pierre-02-180x180.jpg 180w, https:\/\/apartis.swiss\/site\/wp-content\/uploads\/2019\/04\/Buttes_premiere_pierre-02-120x120.jpg 120w, https:\/\/apartis.swiss\/site\/wp-content\/uploads\/2019\/04\/Buttes_premiere_pierre-02-450x450.jpg 450w\" sizes=\"(max-width: 80px) 100vw, 80px\" \/><\/a>\n\t\t\t<\/dt><\/dl><dl class='gallery-item'>\n\t\t\t<dt class='gallery-icon portrait'>\n\t\t\t\t<a href='https:\/\/apartis.swiss\/site\/pose-de-la-premiere-pierre\/buttes_premiere_pierre-03\/'><img loading=\"lazy\" decoding=\"async\" width=\"80\" height=\"80\" src=\"https:\/\/apartis.swiss\/site\/wp-content\/uploads\/2019\/04\/Buttes_premiere_pierre-03-80x80.jpg\" class=\"attachment-thumbnail size-thumbnail\" alt=\"\" srcset=\"https:\/\/apartis.swiss\/site\/wp-content\/uploads\/2019\/04\/Buttes_premiere_pierre-03-80x80.jpg 80w, https:\/\/apartis.swiss\/site\/wp-content\/uploads\/2019\/04\/Buttes_premiere_pierre-03-36x36.jpg 36w, https:\/\/apartis.swiss\/site\/wp-content\/uploads\/2019\/04\/Buttes_premiere_pierre-03-180x180.jpg 180w, https:\/\/apartis.swiss\/site\/wp-content\/uploads\/2019\/04\/Buttes_premiere_pierre-03-120x120.jpg 120w, https:\/\/apartis.swiss\/site\/wp-content\/uploads\/2019\/04\/Buttes_premiere_pierre-03-450x450.jpg 450w\" sizes=\"(max-width: 80px) 100vw, 80px\" \/><\/a>\n\t\t\t<\/dt><\/dl><br style=\"clear: both\" \/><dl class='gallery-item'>\n\t\t\t<dt class='gallery-icon portrait'>\n\t\t\t\t<a href='https:\/\/apartis.swiss\/site\/pose-de-la-premiere-pierre\/buttes_premiere_pierre-04\/'><img loading=\"lazy\" decoding=\"async\" width=\"80\" height=\"80\" src=\"https:\/\/apartis.swiss\/site\/wp-content\/uploads\/2019\/04\/Buttes_premiere_pierre-04-80x80.jpg\" class=\"attachment-thumbnail size-thumbnail\" alt=\"\" srcset=\"https:\/\/apartis.swiss\/site\/wp-content\/uploads\/2019\/04\/Buttes_premiere_pierre-04-80x80.jpg 80w, https:\/\/apartis.swiss\/site\/wp-content\/uploads\/2019\/04\/Buttes_premiere_pierre-04-36x36.jpg 36w, https:\/\/apartis.swiss\/site\/wp-content\/uploads\/2019\/04\/Buttes_premiere_pierre-04-180x180.jpg 180w, https:\/\/apartis.swiss\/site\/wp-content\/uploads\/2019\/04\/Buttes_premiere_pierre-04-120x120.jpg 120w, https:\/\/apartis.swiss\/site\/wp-content\/uploads\/2019\/04\/Buttes_premiere_pierre-04-450x450.jpg 450w\" sizes=\"(max-width: 80px) 100vw, 80px\" \/><\/a>\n\t\t\t<\/dt><\/dl><dl class='gallery-item'>\n\t\t\t<dt class='gallery-icon portrait'>\n\t\t\t\t<a href='https:\/\/apartis.swiss\/site\/pose-de-la-premiere-pierre\/buttes_premiere_pierre-05\/'><img loading=\"lazy\" decoding=\"async\" width=\"80\" height=\"80\" src=\"https:\/\/apartis.swiss\/site\/wp-content\/uploads\/2019\/04\/Buttes_premiere_pierre-05-80x80.jpg\" class=\"attachment-thumbnail size-thumbnail\" alt=\"\" srcset=\"https:\/\/apartis.swiss\/site\/wp-content\/uploads\/2019\/04\/Buttes_premiere_pierre-05-80x80.jpg 80w, https:\/\/apartis.swiss\/site\/wp-content\/uploads\/2019\/04\/Buttes_premiere_pierre-05-36x36.jpg 36w, https:\/\/apartis.swiss\/site\/wp-content\/uploads\/2019\/04\/Buttes_premiere_pierre-05-180x180.jpg 180w, https:\/\/apartis.swiss\/site\/wp-content\/uploads\/2019\/04\/Buttes_premiere_pierre-05-120x120.jpg 120w, https:\/\/apartis.swiss\/site\/wp-content\/uploads\/2019\/04\/Buttes_premiere_pierre-05-450x450.jpg 450w\" sizes=\"(max-width: 80px) 100vw, 80px\" \/><\/a>\n\t\t\t<\/dt><\/dl><dl class='gallery-item'>\n\t\t\t<dt class='gallery-icon landscape'>\n\t\t\t\t<a href='https:\/\/apartis.swiss\/site\/pose-de-la-premiere-pierre\/buttes_premiere_pierre-06\/'><img loading=\"lazy\" decoding=\"async\" width=\"80\" height=\"80\" src=\"https:\/\/apartis.swiss\/site\/wp-content\/uploads\/2019\/04\/Buttes_premiere_pierre-06-80x80.jpg\" class=\"attachment-thumbnail size-thumbnail\" alt=\"\" srcset=\"https:\/\/apartis.swiss\/site\/wp-content\/uploads\/2019\/04\/Buttes_premiere_pierre-06-80x80.jpg 80w, https:\/\/apartis.swiss\/site\/wp-content\/uploads\/2019\/04\/Buttes_premiere_pierre-06-36x36.jpg 36w, https:\/\/apartis.swiss\/site\/wp-content\/uploads\/2019\/04\/Buttes_premiere_pierre-06-180x180.jpg 180w, https:\/\/apartis.swiss\/site\/wp-content\/uploads\/2019\/04\/Buttes_premiere_pierre-06-120x120.jpg 120w, https:\/\/apartis.swiss\/site\/wp-content\/uploads\/2019\/04\/Buttes_premiere_pierre-06-450x450.jpg 450w\" sizes=\"(max-width: 80px) 100vw, 80px\" \/><\/a>\n\t\t\t<\/dt><\/dl><br style=\"clear: both\" \/><dl class='gallery-item'>\n\t\t\t<dt class='gallery-icon landscape'>\n\t\t\t\t<a href='https:\/\/apartis.swiss\/site\/pose-de-la-premiere-pierre\/buttes_premiere_pierre-07\/'><img loading=\"lazy\" decoding=\"async\" width=\"80\" height=\"80\" src=\"https:\/\/apartis.swiss\/site\/wp-content\/uploads\/2019\/04\/Buttes_premiere_pierre-07-80x80.jpg\" class=\"attachment-thumbnail size-thumbnail\" alt=\"\" srcset=\"https:\/\/apartis.swiss\/site\/wp-content\/uploads\/2019\/04\/Buttes_premiere_pierre-07-80x80.jpg 80w, https:\/\/apartis.swiss\/site\/wp-content\/uploads\/2019\/04\/Buttes_premiere_pierre-07-36x36.jpg 36w, https:\/\/apartis.swiss\/site\/wp-content\/uploads\/2019\/04\/Buttes_premiere_pierre-07-180x180.jpg 180w, https:\/\/apartis.swiss\/site\/wp-content\/uploads\/2019\/04\/Buttes_premiere_pierre-07-120x120.jpg 120w, https:\/\/apartis.swiss\/site\/wp-content\/uploads\/2019\/04\/Buttes_premiere_pierre-07-450x450.jpg 450w\" sizes=\"(max-width: 80px) 100vw, 80px\" \/><\/a>\n\t\t\t<\/dt><\/dl><dl class='gallery-item'>\n\t\t\t<dt class='gallery-icon landscape'>\n\t\t\t\t<a href='https:\/\/apartis.swiss\/site\/pose-de-la-premiere-pierre\/buttes_premiere_pierre-08\/'><img loading=\"lazy\" decoding=\"async\" width=\"80\" height=\"80\" src=\"https:\/\/apartis.swiss\/site\/wp-content\/uploads\/2019\/04\/Buttes_premiere_pierre-08-80x80.jpg\" class=\"attachment-thumbnail size-thumbnail\" alt=\"\" srcset=\"https:\/\/apartis.swiss\/site\/wp-content\/uploads\/2019\/04\/Buttes_premiere_pierre-08-80x80.jpg 80w, https:\/\/apartis.swiss\/site\/wp-content\/uploads\/2019\/04\/Buttes_premiere_pierre-08-36x36.jpg 36w, https:\/\/apartis.swiss\/site\/wp-content\/uploads\/2019\/04\/Buttes_premiere_pierre-08-180x180.jpg 180w, https:\/\/apartis.swiss\/site\/wp-content\/uploads\/2019\/04\/Buttes_premiere_pierre-08-120x120.jpg 120w, https:\/\/apartis.swiss\/site\/wp-content\/uploads\/2019\/04\/Buttes_premiere_pierre-08-450x450.jpg 450w\" sizes=\"(max-width: 80px) 100vw, 80px\" \/><\/a>\n\t\t\t<\/dt><\/dl><dl class='gallery-item'>\n\t\t\t<dt class='gallery-icon portrait'>\n\t\t\t\t<a href='https:\/\/apartis.swiss\/site\/pose-de-la-premiere-pierre\/buttes_premiere_pierre-09\/'><img loading=\"lazy\" decoding=\"async\" width=\"80\" height=\"80\" src=\"https:\/\/apartis.swiss\/site\/wp-content\/uploads\/2019\/04\/Buttes_premiere_pierre-09-80x80.jpg\" class=\"attachment-thumbnail size-thumbnail\" alt=\"\" srcset=\"https:\/\/apartis.swiss\/site\/wp-content\/uploads\/2019\/04\/Buttes_premiere_pierre-09-80x80.jpg 80w, https:\/\/apartis.swiss\/site\/wp-content\/uploads\/2019\/04\/Buttes_premiere_pierre-09-36x36.jpg 36w, https:\/\/apartis.swiss\/site\/wp-content\/uploads\/2019\/04\/Buttes_premiere_pierre-09-180x180.jpg 180w, https:\/\/apartis.swiss\/site\/wp-content\/uploads\/2019\/04\/Buttes_premiere_pierre-09-120x120.jpg 120w, https:\/\/apartis.swiss\/site\/wp-content\/uploads\/2019\/04\/Buttes_premiere_pierre-09-450x450.jpg 450w\" sizes=\"(max-width: 80px) 100vw, 80px\" \/><\/a>\n\t\t\t<\/dt><\/dl><br style=\"clear: both\" \/><dl class='gallery-item'>\n\t\t\t<dt class='gallery-icon portrait'>\n\t\t\t\t<a href='https:\/\/apartis.swiss\/site\/pose-de-la-premiere-pierre\/buttes_premiere_pierre-10\/'><img loading=\"lazy\" decoding=\"async\" width=\"80\" height=\"80\" src=\"https:\/\/apartis.swiss\/site\/wp-content\/uploads\/2019\/04\/Buttes_premiere_pierre-10-80x80.jpg\" class=\"attachment-thumbnail size-thumbnail\" alt=\"\" srcset=\"https:\/\/apartis.swiss\/site\/wp-content\/uploads\/2019\/04\/Buttes_premiere_pierre-10-80x80.jpg 80w, https:\/\/apartis.swiss\/site\/wp-content\/uploads\/2019\/04\/Buttes_premiere_pierre-10-36x36.jpg 36w, https:\/\/apartis.swiss\/site\/wp-content\/uploads\/2019\/04\/Buttes_premiere_pierre-10-180x180.jpg 180w, https:\/\/apartis.swiss\/site\/wp-content\/uploads\/2019\/04\/Buttes_premiere_pierre-10-120x120.jpg 120w, https:\/\/apartis.swiss\/site\/wp-content\/uploads\/2019\/04\/Buttes_premiere_pierre-10-450x450.jpg 450w\" sizes=\"(max-width: 80px) 100vw, 80px\" \/><\/a>\n\t\t\t<\/dt><\/dl><dl class='gallery-item'>\n\t\t\t<dt class='gallery-icon portrait'>\n\t\t\t\t<a href='https:\/\/apartis.swiss\/site\/pose-de-la-premiere-pierre\/buttes_premiere_pierre-11\/'><img loading=\"lazy\" decoding=\"async\" width=\"80\" height=\"80\" src=\"https:\/\/apartis.swiss\/site\/wp-content\/uploads\/2019\/04\/Buttes_premiere_pierre-11-80x80.jpg\" class=\"attachment-thumbnail size-thumbnail\" alt=\"\" srcset=\"https:\/\/apartis.swiss\/site\/wp-content\/uploads\/2019\/04\/Buttes_premiere_pierre-11-80x80.jpg 80w, https:\/\/apartis.swiss\/site\/wp-content\/uploads\/2019\/04\/Buttes_premiere_pierre-11-36x36.jpg 36w, https:\/\/apartis.swiss\/site\/wp-content\/uploads\/2019\/04\/Buttes_premiere_pierre-11-180x180.jpg 180w, https:\/\/apartis.swiss\/site\/wp-content\/uploads\/2019\/04\/Buttes_premiere_pierre-11-120x120.jpg 120w, https:\/\/apartis.swiss\/site\/wp-content\/uploads\/2019\/04\/Buttes_premiere_pierre-11-450x450.jpg 450w\" sizes=\"(max-width: 80px) 100vw, 80px\" \/><\/a>\n\t\t\t<\/dt><\/dl><dl class='gallery-item'>\n\t\t\t<dt class='gallery-icon landscape'>\n\t\t\t\t<a href='https:\/\/apartis.swiss\/site\/pose-de-la-premiere-pierre\/buttes_premiere_pierre-12\/'><img loading=\"lazy\" decoding=\"async\" width=\"80\" height=\"80\" src=\"https:\/\/apartis.swiss\/site\/wp-content\/uploads\/2019\/04\/Buttes_premiere_pierre-12-80x80.jpg\" class=\"attachment-thumbnail size-thumbnail\" alt=\"\" srcset=\"https:\/\/apartis.swiss\/site\/wp-content\/uploads\/2019\/04\/Buttes_premiere_pierre-12-80x80.jpg 80w, https:\/\/apartis.swiss\/site\/wp-content\/uploads\/2019\/04\/Buttes_premiere_pierre-12-36x36.jpg 36w, https:\/\/apartis.swiss\/site\/wp-content\/uploads\/2019\/04\/Buttes_premiere_pierre-12-180x180.jpg 180w, https:\/\/apartis.swiss\/site\/wp-content\/uploads\/2019\/04\/Buttes_premiere_pierre-12-120x120.jpg 120w, https:\/\/apartis.swiss\/site\/wp-content\/uploads\/2019\/04\/Buttes_premiere_pierre-12-450x450.jpg 450w\" sizes=\"(max-width: 80px) 100vw, 80px\" \/><\/a>\n\t\t\t<\/dt><\/dl><br style=\"clear: both\" \/>\n\t\t<\/div>\n\n","protected":false},"excerpt":{"rendered":"<p>La premi\u00e8re pierre de la Fonderie a \u00e9t\u00e9 pos\u00e9e le 27 novembre 2018 au sommet de la butte de P\u00e9rolles, en face de la salle de concert Fri-Son. D&rsquo;ici 2020, plus de 170 appartements pour \u00e9tudiants et jeunes adultes y seront r\u00e9alis\u00e9s.<\/p>\n","protected":false},"author":2,"featured_media":5865,"comment_status":"closed","ping_status":"closed","sticky":false,"template":"","format":"standard","meta":{"footnotes":""},"categories":[22],"tags":[],"class_list":["post-5849","post","type-post","status-publish","format-standard","has-post-thumbnail","hentry","category-projet_fonderie"],"publishpress_future_action":{"enabled":false,"date":"2026-09-08 08:08:06","action":"change-status","newStatus":"draft","terms":[],"taxonomy":"category"},"_links":{"self":[{"href":"https:\/\/apartis.swiss\/site\/wp-json\/wp\/v2\/posts\/5849"}],"collection":[{"href":"https:\/\/apartis.swiss\/site\/wp-json\/wp\/v2\/posts"}],"about":[{"href":"https:\/\/apartis.swiss\/site\/wp-json\/wp\/v2\/types\/post"}],"author":[{"embeddable":true,"href":"https:\/\/apartis.swiss\/site\/wp-json\/wp\/v2\/users\/2"}],"replies":[{"embeddable":true,"href":"https:\/\/apartis.swiss\/site\/wp-json\/wp\/v2\/comments?post=5849"}],"version-history":[{"count":0,"href":"https:\/\/apartis.swiss\/site\/wp-json\/wp\/v2\/posts\/5849\/revisions"}],"wp:featuredmedia":[{"embeddable":true,"href":"https:\/\/apartis.swiss\/site\/wp-json\/wp\/v2\/media\/5865"}],"wp:attachment":[{"href":"https:\/\/apartis.swiss\/site\/wp-json\/wp\/v2\/media?parent=5849"}],"wp:term":[{"taxonomy":"category","embeddable":true,"href":"https:\/\/apartis.swiss\/site\/wp-json\/wp\/v2\/categories?post=5849"},{"taxonomy":"post_tag","embeddable":true,"href":"https:\/\/apartis.swiss\/site\/wp-json\/wp\/v2\/tags?post=5849"}],"curies":[{"name":"wp","href":"https:\/\/api.w.org\/{rel}","templated":true}]}}