{"id":12090,"date":"2022-06-30T15:00:33","date_gmt":"2022-06-30T13:00:33","guid":{"rendered":"https:\/\/apartis.swiss\/?p=12090"},"modified":"2022-06-30T15:36:20","modified_gmt":"2022-06-30T13:36:20","slug":"gestion-du-chauffage-nouveaute","status":"publish","type":"post","link":"https:\/\/apartis.swiss\/site\/gestion-du-chauffage-nouveaute\/","title":{"rendered":"Gestion du chauffage : nouveaut\u00e9 !"},"content":{"rendered":"<p><div class='flex_column_table av-equal-height-column-flextable -flextable' ><div class=\"flex_column av_two_third  flex_column_table_cell av-equal-height-column av-align-middle av-zero-column-padding first  avia-builder-el-0  el_before_av_one_third  avia-builder-el-first  \" style='border-radius:0px; '><div  class='avia-image-container  av-styling-    avia-builder-el-1  avia-builder-el-no-sibling  avia-align-center '  itemprop=\"image\" itemscope=\"itemscope\" itemtype=\"https:\/\/schema.org\/ImageObject\"  ><div class='avia-image-container-inner'><div class='avia-image-overlay-wrap'><img decoding=\"async\" class='wp-image-12091 avia-img-lazy-loading-not-12091 avia_image' src=\"https:\/\/apartis.swiss\/site\/wp-content\/uploads\/2021\/06\/gestion_chauffage-1213x430.jpg\" alt='' title='gestion de chauffage' height=\"430\" width=\"1213\"  itemprop=\"thumbnailUrl\"  \/><\/div><\/div><\/div><\/div><br \/>\n<div class='av-flex-placeholder'><\/div><div class=\"flex_column av_one_third  flex_column_table_cell av-equal-height-column av-align-middle av-zero-column-padding   avia-builder-el-2  el_after_av_two_third  el_before_av_two_third  \" style='border-radius:0px; '><section class=\"av_textblock_section \"  itemscope=\"itemscope\" itemtype=\"https:\/\/schema.org\/BlogPosting\" itemprop=\"blogPost\" ><div class='avia_textblock  '   itemprop=\"text\" ><p><strong>A la route de l&rsquo;Industrie 14, ces changements impliqueront des travaux qui auront lieu entre le 30 mai et le 08 juillet 2022 (semaines 22 \u00e0 27) .<\/strong><\/p>\n<p><strong>A la route de l&rsquo;Industrie 24-26-28 et Wilhelm-Kaiser 2, ces changements impliqueront des travaux qui auront lieu entre le 20 juin et le 29 juillet 2022 (semaines 25 \u00e0 29) .<\/strong><\/p>\n<p><strong>A la route Wilhelm-Kaiser 6, ces changements impliqueront des travaux qui auront lieu entre le 11 juillet et le 26 ao\u00fbt 2022 (semaines 28 \u00e0 34) .<\/strong><\/p>\n<\/div><\/section><\/div><\/div><!--close column table wrapper. Autoclose: 1 --><div class=\"flex_column av_two_third  flex_column_div av-zero-column-padding first  avia-builder-el-4  el_after_av_one_third  avia-builder-el-last  column-top-margin\" style='border-radius:0px; '><section class=\"av_textblock_section \"  itemscope=\"itemscope\" itemtype=\"https:\/\/schema.org\/BlogPosting\" itemprop=\"blogPost\" ><div class='avia_textblock  '   itemprop=\"text\" ><p>Apartis a install\u00e9 dans ses immeubles une solution de gestion du chauffage. Ce syst\u00e8me deux avantages principaux:<\/p>\n<ul>\n<li>r\u00e9alisation d&rsquo;\u00e9conomies de chauffage pour les locataires;<\/li>\n<li>possibilit\u00e9 de r\u00e9gler le chauffage de sa chambre.<\/li>\n<\/ul>\n<p>Le syst\u00e8me qui a \u00e9t\u00e9 mis en place arrive en fin de vie. Apartis a pris les mesures n\u00e9cessaires pour qu&rsquo;il soit remplac\u00e9. Les avantages pour les locataires seront notamment:<\/p>\n<ul>\n<li>des installations b\u00e9n\u00e9ficiant des derni\u00e8res technologies;<\/li>\n<li>une meilleure possibilit\u00e9 de r\u00e9gler la temp\u00e9rature des chambres (uniquement plus ou moins chaud, les immeubles n&rsquo;\u00e9tant pas climatis\u00e9s);<\/li>\n<li>une nouvelle application pour smartphone, avec indication des temp\u00e9ratures int\u00e9rieures et ext\u00e9rieures.<\/li>\n<\/ul>\n<\/div><\/section><\/div><\/p>\n","protected":false},"excerpt":{"rendered":"","protected":false},"author":2,"featured_media":12091,"comment_status":"closed","ping_status":"closed","sticky":false,"template":"","format":"standard","meta":{"footnotes":""},"categories":[12],"tags":[],"class_list":["post-12090","post","type-post","status-publish","format-standard","has-post-thumbnail","hentry","category-apartis-fr"],"publishpress_future_action":{"enabled":false,"date":"2026-09-08 07:32:32","action":"change-status","newStatus":"draft","terms":[],"taxonomy":"category"},"_links":{"self":[{"href":"https:\/\/apartis.swiss\/site\/wp-json\/wp\/v2\/posts\/12090"}],"collection":[{"href":"https:\/\/apartis.swiss\/site\/wp-json\/wp\/v2\/posts"}],"about":[{"href":"https:\/\/apartis.swiss\/site\/wp-json\/wp\/v2\/types\/post"}],"author":[{"embeddable":true,"href":"https:\/\/apartis.swiss\/site\/wp-json\/wp\/v2\/users\/2"}],"replies":[{"embeddable":true,"href":"https:\/\/apartis.swiss\/site\/wp-json\/wp\/v2\/comments?post=12090"}],"version-history":[{"count":3,"href":"https:\/\/apartis.swiss\/site\/wp-json\/wp\/v2\/posts\/12090\/revisions"}],"predecessor-version":[{"id":13339,"href":"https:\/\/apartis.swiss\/site\/wp-json\/wp\/v2\/posts\/12090\/revisions\/13339"}],"wp:featuredmedia":[{"embeddable":true,"href":"https:\/\/apartis.swiss\/site\/wp-json\/wp\/v2\/media\/12091"}],"wp:attachment":[{"href":"https:\/\/apartis.swiss\/site\/wp-json\/wp\/v2\/media?parent=12090"}],"wp:term":[{"taxonomy":"category","embeddable":true,"href":"https:\/\/apartis.swiss\/site\/wp-json\/wp\/v2\/categories?post=12090"},{"taxonomy":"post_tag","embeddable":true,"href":"https:\/\/apartis.swiss\/site\/wp-json\/wp\/v2\/tags?post=12090"}],"curies":[{"name":"wp","href":"https:\/\/api.w.org\/{rel}","templated":true}]}}