{"id":10838,"date":"2020-09-14T17:24:47","date_gmt":"2020-09-14T15:24:47","guid":{"rendered":"https:\/\/apartis.swiss\/?p=10838"},"modified":"2020-09-14T17:24:47","modified_gmt":"2020-09-14T15:24:47","slug":"fonderie-interview-marcel-blattner","status":"publish","type":"post","link":"https:\/\/apartis.swiss\/site\/fonderie-interview-marcel-blattner\/","title":{"rendered":"La Fonderie, interview de Marcel Blattner"},"content":{"rendered":"<p>Cette semaine nous avons le plaisir de vous pr\u00e9senter Marcel Blatter, de l&rsquo;entreprise Halter AG. Il a particip\u00e9 au d\u00e9veloppement des plans de ce quartier industriels, devenu r\u00e9sidentiel. Il nous d\u00e9voile aujourd&rsquo;hui les diff\u00e9rentes \u00e9tapes de collaborations n\u00e9cessaires pour aboutir un tel projet!<\/p>\n<p><iframe loading=\"lazy\" src=\"https:\/\/www.facebook.com\/plugins\/video.php?href=https%3A%2F%2Fwww.facebook.com%2FApartisFR%2Fvideos%2F611058076245727%2F&#038;show_text=0&#038;width=560\" width=\"560\" height=\"315\" style=\"border:none;overflow:hidden\" scrolling=\"no\" frameborder=\"0\" allowTransparency=\"true\" allowFullScreen=\"true\"><\/iframe><\/p>\n","protected":false},"excerpt":{"rendered":"<p>Cette semaine nous avons le plaisir de vous pr\u00e9senter Marcel Blatter, de l&rsquo;entreprise Halter AG. Il a particip\u00e9 au d\u00e9veloppement des plans de ce quartier industriels, devenu r\u00e9sidentiel. Il nous d\u00e9voile aujourd&rsquo;hui les diff\u00e9rentes \u00e9tapes de collaborations n\u00e9cessaires pour aboutir un tel projet!<\/p>\n","protected":false},"author":2,"featured_media":10839,"comment_status":"closed","ping_status":"closed","sticky":false,"template":"","format":"standard","meta":{"footnotes":""},"categories":[12,61,22],"tags":[],"class_list":["post-10838","post","type-post","status-publish","format-standard","has-post-thumbnail","hentry","category-apartis-fr","category-article-fr","category-projet_fonderie"],"publishpress_future_action":{"enabled":false,"date":"2026-09-08 08:46:58","action":"change-status","newStatus":"draft","terms":[],"taxonomy":"category"},"_links":{"self":[{"href":"https:\/\/apartis.swiss\/site\/wp-json\/wp\/v2\/posts\/10838"}],"collection":[{"href":"https:\/\/apartis.swiss\/site\/wp-json\/wp\/v2\/posts"}],"about":[{"href":"https:\/\/apartis.swiss\/site\/wp-json\/wp\/v2\/types\/post"}],"author":[{"embeddable":true,"href":"https:\/\/apartis.swiss\/site\/wp-json\/wp\/v2\/users\/2"}],"replies":[{"embeddable":true,"href":"https:\/\/apartis.swiss\/site\/wp-json\/wp\/v2\/comments?post=10838"}],"version-history":[{"count":0,"href":"https:\/\/apartis.swiss\/site\/wp-json\/wp\/v2\/posts\/10838\/revisions"}],"wp:featuredmedia":[{"embeddable":true,"href":"https:\/\/apartis.swiss\/site\/wp-json\/wp\/v2\/media\/10839"}],"wp:attachment":[{"href":"https:\/\/apartis.swiss\/site\/wp-json\/wp\/v2\/media?parent=10838"}],"wp:term":[{"taxonomy":"category","embeddable":true,"href":"https:\/\/apartis.swiss\/site\/wp-json\/wp\/v2\/categories?post=10838"},{"taxonomy":"post_tag","embeddable":true,"href":"https:\/\/apartis.swiss\/site\/wp-json\/wp\/v2\/tags?post=10838"}],"curies":[{"name":"wp","href":"https:\/\/api.w.org\/{rel}","templated":true}]}}