{"id":10709,"date":"2020-08-27T15:00:36","date_gmt":"2020-08-27T13:00:36","guid":{"rendered":"https:\/\/apartis.swiss\/?p=10709"},"modified":"2024-04-23T13:14:15","modified_gmt":"2024-04-23T11:14:15","slug":"information-covid-et-quarantaine","status":"publish","type":"post","link":"https:\/\/apartis.swiss\/site\/information-covid-et-quarantaine\/","title":{"rendered":"Information covid et quarantaine"},"content":{"rendered":"<p><img loading=\"lazy\" decoding=\"async\" class=\"alignleft size-full wp-image-10717\" src=\"https:\/\/apartis.swiss\/site\/wp-content\/uploads\/2020\/08\/covid-quarantaine.jpg\" alt=\"\" width=\"1200\" height=\"700\" srcset=\"https:\/\/apartis.swiss\/site\/wp-content\/uploads\/2020\/08\/covid-quarantaine.jpg 1200w, https:\/\/apartis.swiss\/site\/wp-content\/uploads\/2020\/08\/covid-quarantaine-300x175.jpg 300w, https:\/\/apartis.swiss\/site\/wp-content\/uploads\/2020\/08\/covid-quarantaine-1030x601.jpg 1030w, https:\/\/apartis.swiss\/site\/wp-content\/uploads\/2020\/08\/covid-quarantaine-768x448.jpg 768w, https:\/\/apartis.swiss\/site\/wp-content\/uploads\/2020\/08\/covid-quarantaine-705x411.jpg 705w\" sizes=\"(max-width: 1200px) 100vw, 1200px\" \/><\/p>\n<p><strong><a href=\"https:\/\/www.bag.admin.ch\/bag\/fr\/home\/krankheiten\/ausbrueche-epidemien-pandemien\/aktuelle-ausbrueche-epidemien\/novel-cov.html\" target=\"_blank\" rel=\"noopener noreferrer\" class=\"broken_link\">Information officielle de l&rsquo;office f\u00e9d\u00e9ral de la sant\u00e9 publique<\/a><\/strong><\/p>\n<p>&nbsp;<\/p>\n<p><strong>La responsabilit\u00e9 individuelle reste d\u00e9terminante<\/strong> : continuez de suivre les\u00a0 <a href=\"https:\/\/www.bag.admin.ch\/bag\/fr\/home\/krankheiten\/ausbrueche-epidemien-pandemien\/aktuelle-ausbrueche-epidemien\/novel-cov\/so-schuetzen-wir-uns.html#-902961898\" target=\"_blank\" rel=\"noopener\" class=\"broken_link\">r\u00e8gles d\u2019hygi\u00e8ne et de conduite<\/a> et, si possible, faites-vous vacciner. Si vous avez des sympt\u00f4mes, restez \u00e0 la maison et faites-vous tester m\u00eame si vous avez re\u00e7u la vaccination ou que vous avez gu\u00e9ri de la maladie.<\/p>\n<p style=\"padding-left: 40px;\"><strong>Infoline coronavirus<\/strong> :\u00a0+41 58 463 00 00, tous les jours, de 6 \u00e0 23 h<\/p>\n<p style=\"padding-left: 40px;\"><strong>Infoline sur la vaccination COVID-19<\/strong> :\u00a0+41 800 88 66 44, tous les jours, de 6 \u00e0 23 h<\/p>\n<p style=\"padding-left: 40px;\"><strong>Infoline pour les personnes se rendant en Suisse<\/strong> :\u00a0+41 58 464 44 88, tous les jours, de 6 \u00e0 23 h<\/p>\n<p style=\"padding-left: 40px;\"><strong>Infoline plateforme nationale de demandes pour le certificat COVID<\/strong> :\u00a0+41 58 469 79 63 (tous les jours, 7\u201320 h)<\/p>\n<p style=\"padding-left: 40px;\"><strong>Chiffres et donn\u00e9es<\/strong> : Des informations sur la situation actuelle en Suisse sont disponibles sur le <a href=\"https:\/\/www.covid19.admin.ch\/fr\/overview\" target=\"_blank\" rel=\"noopener\">Dashboard Covid-19<\/a>.<\/p>\n<p>Nous restons \u00e0 votre disposition si vous avez encore des questions et vous souhaitons la bienvenue\u00a0 chez Apartis\u00a0!<\/p>\n","protected":false},"excerpt":{"rendered":"<p>Information officielle de l&rsquo;office f\u00e9d\u00e9ral de la sant\u00e9 publique &nbsp; La responsabilit\u00e9 individuelle reste d\u00e9terminante : continuez de suivre les\u00a0 r\u00e8gles d\u2019hygi\u00e8ne et de conduite et, si possible, faites-vous vacciner. Si vous avez des sympt\u00f4mes, restez \u00e0 la maison et faites-vous tester m\u00eame si vous avez re\u00e7u la vaccination ou que vous avez gu\u00e9ri de [&hellip;]<\/p>\n","protected":false},"author":2,"featured_media":10717,"comment_status":"closed","ping_status":"closed","sticky":false,"template":"","format":"standard","meta":{"footnotes":""},"categories":[12],"tags":[],"class_list":["post-10709","post","type-post","status-publish","format-standard","has-post-thumbnail","hentry","category-apartis-fr"],"publishpress_future_action":{"enabled":false,"date":"2026-09-08 07:32:29","action":"change-status","newStatus":"draft","terms":[],"taxonomy":"category"},"_links":{"self":[{"href":"https:\/\/apartis.swiss\/site\/wp-json\/wp\/v2\/posts\/10709"}],"collection":[{"href":"https:\/\/apartis.swiss\/site\/wp-json\/wp\/v2\/posts"}],"about":[{"href":"https:\/\/apartis.swiss\/site\/wp-json\/wp\/v2\/types\/post"}],"author":[{"embeddable":true,"href":"https:\/\/apartis.swiss\/site\/wp-json\/wp\/v2\/users\/2"}],"replies":[{"embeddable":true,"href":"https:\/\/apartis.swiss\/site\/wp-json\/wp\/v2\/comments?post=10709"}],"version-history":[{"count":2,"href":"https:\/\/apartis.swiss\/site\/wp-json\/wp\/v2\/posts\/10709\/revisions"}],"predecessor-version":[{"id":14323,"href":"https:\/\/apartis.swiss\/site\/wp-json\/wp\/v2\/posts\/10709\/revisions\/14323"}],"wp:featuredmedia":[{"embeddable":true,"href":"https:\/\/apartis.swiss\/site\/wp-json\/wp\/v2\/media\/10717"}],"wp:attachment":[{"href":"https:\/\/apartis.swiss\/site\/wp-json\/wp\/v2\/media?parent=10709"}],"wp:term":[{"taxonomy":"category","embeddable":true,"href":"https:\/\/apartis.swiss\/site\/wp-json\/wp\/v2\/categories?post=10709"},{"taxonomy":"post_tag","embeddable":true,"href":"https:\/\/apartis.swiss\/site\/wp-json\/wp\/v2\/tags?post=10709"}],"curies":[{"name":"wp","href":"https:\/\/api.w.org\/{rel}","templated":true}]}}