{"id":10688,"date":"2020-08-27T08:28:54","date_gmt":"2020-08-27T06:28:54","guid":{"rendered":"https:\/\/apartis.swiss\/?p=10688"},"modified":"2020-09-14T17:23:49","modified_gmt":"2020-09-14T15:23:49","slug":"fonderie-interview-charles-ducrot","status":"publish","type":"post","link":"https:\/\/apartis.swiss\/site\/fonderie-interview-charles-ducrot\/","title":{"rendered":"La Fonderie, interview de Charles Ducrot"},"content":{"rendered":"<p>Charles Ducrot, pr\u00e9sident de la fondation Apartis, nous a donn\u00e9 rendez-vous \u00e0 l&rsquo;universit\u00e9 de Fribourg. D\u00e9couvrez les enjeux que le projet de la Fonderie a engendr\u00e9 pour lui.<\/p>\n<p><iframe loading=\"lazy\" src=\"https:\/\/www.facebook.com\/plugins\/video.php?href=https%3A%2F%2Fwww.facebook.com%2FApartisFR%2Fvideos%2F651591225463831%2F&#038;show_text=0&#038;width=560\" width=\"560\" height=\"315\" style=\"border:none;overflow:hidden\" scrolling=\"no\" frameborder=\"0\" allowTransparency=\"true\" allowFullScreen=\"true\"><\/iframe><\/p>\n","protected":false},"excerpt":{"rendered":"<p>Charles Ducrot, pr\u00e9sident de la fondation Apartis, nous a donn\u00e9 rendez-vous \u00e0 l&rsquo;universit\u00e9 de Fribourg. D\u00e9couvrez les enjeux que le projet de la Fonderie a engendr\u00e9 pour lui.<\/p>\n","protected":false},"author":2,"featured_media":10697,"comment_status":"closed","ping_status":"closed","sticky":false,"template":"","format":"standard","meta":{"footnotes":""},"categories":[12,61,22],"tags":[],"class_list":["post-10688","post","type-post","status-publish","format-standard","has-post-thumbnail","hentry","category-apartis-fr","category-article-fr","category-projet_fonderie"],"publishpress_future_action":{"enabled":false,"date":"2026-09-08 08:08:08","action":"change-status","newStatus":"draft","terms":[],"taxonomy":"category"},"_links":{"self":[{"href":"https:\/\/apartis.swiss\/site\/wp-json\/wp\/v2\/posts\/10688"}],"collection":[{"href":"https:\/\/apartis.swiss\/site\/wp-json\/wp\/v2\/posts"}],"about":[{"href":"https:\/\/apartis.swiss\/site\/wp-json\/wp\/v2\/types\/post"}],"author":[{"embeddable":true,"href":"https:\/\/apartis.swiss\/site\/wp-json\/wp\/v2\/users\/2"}],"replies":[{"embeddable":true,"href":"https:\/\/apartis.swiss\/site\/wp-json\/wp\/v2\/comments?post=10688"}],"version-history":[{"count":0,"href":"https:\/\/apartis.swiss\/site\/wp-json\/wp\/v2\/posts\/10688\/revisions"}],"wp:featuredmedia":[{"embeddable":true,"href":"https:\/\/apartis.swiss\/site\/wp-json\/wp\/v2\/media\/10697"}],"wp:attachment":[{"href":"https:\/\/apartis.swiss\/site\/wp-json\/wp\/v2\/media?parent=10688"}],"wp:term":[{"taxonomy":"category","embeddable":true,"href":"https:\/\/apartis.swiss\/site\/wp-json\/wp\/v2\/categories?post=10688"},{"taxonomy":"post_tag","embeddable":true,"href":"https:\/\/apartis.swiss\/site\/wp-json\/wp\/v2\/tags?post=10688"}],"curies":[{"name":"wp","href":"https:\/\/api.w.org\/{rel}","templated":true}]}}