{"id":10586,"date":"2020-07-30T17:00:46","date_gmt":"2020-07-30T15:00:46","guid":{"rendered":"https:\/\/apartis.swiss\/?p=10586"},"modified":"2020-08-03T17:49:38","modified_gmt":"2020-08-03T15:49:38","slug":"fonderie-interview-andrea-burgener-woeffray","status":"publish","type":"post","link":"https:\/\/apartis.swiss\/site\/fonderie-interview-andrea-burgener-woeffray\/","title":{"rendered":"La Fonderie, interview d&rsquo;Andrea Burgener Woeffray"},"content":{"rendered":"<p>Partez \u00e0 la rencontre Andrea Burgener Woeffray, conseill\u00e8re communale \u00e0 Fribourg depuis 2016. Elle nous explique pourquoi le projet de la Fonderie lui tient autant \u00e0 coeur et surtout en quoi il est novateur.<\/p>\n<p>[<a href=\"https:\/\/apartis.swiss\/portfolio-item\/route-de-la-fonderie\/\">Tout sur la Fonderie ici<\/a>]<\/p>\n<p><iframe loading=\"lazy\" src=\"https:\/\/www.facebook.com\/plugins\/video.php?href=https%3A%2F%2Fwww.facebook.com%2FApartisFR%2Fvideos%2F3016628855122491%2F&#038;show_text=0&#038;width=560\" width=\"560\" height=\"315\" style=\"border:none;overflow:hidden\" scrolling=\"no\" frameborder=\"0\" allowTransparency=\"true\" allowFullScreen=\"true\"><\/iframe><\/p>\n","protected":false},"excerpt":{"rendered":"<p>Partez \u00e0 la rencontre Andrea Burgener Woeffray, conseill\u00e8re communale \u00e0 Fribourg depuis 2016. Elle nous explique pourquoi le projet de la Fonderie lui tient autant \u00e0 coeur et surtout en quoi il est novateur. [Tout sur la Fonderie ici]<\/p>\n","protected":false},"author":2,"featured_media":10589,"comment_status":"closed","ping_status":"closed","sticky":false,"template":"","format":"standard","meta":{"footnotes":""},"categories":[12,61,22],"tags":[],"class_list":["post-10586","post","type-post","status-publish","format-standard","has-post-thumbnail","hentry","category-apartis-fr","category-article-fr","category-projet_fonderie"],"publishpress_future_action":{"enabled":false,"date":"2026-09-08 08:15:13","action":"change-status","newStatus":"draft","terms":[],"taxonomy":"category"},"_links":{"self":[{"href":"https:\/\/apartis.swiss\/site\/wp-json\/wp\/v2\/posts\/10586"}],"collection":[{"href":"https:\/\/apartis.swiss\/site\/wp-json\/wp\/v2\/posts"}],"about":[{"href":"https:\/\/apartis.swiss\/site\/wp-json\/wp\/v2\/types\/post"}],"author":[{"embeddable":true,"href":"https:\/\/apartis.swiss\/site\/wp-json\/wp\/v2\/users\/2"}],"replies":[{"embeddable":true,"href":"https:\/\/apartis.swiss\/site\/wp-json\/wp\/v2\/comments?post=10586"}],"version-history":[{"count":0,"href":"https:\/\/apartis.swiss\/site\/wp-json\/wp\/v2\/posts\/10586\/revisions"}],"wp:featuredmedia":[{"embeddable":true,"href":"https:\/\/apartis.swiss\/site\/wp-json\/wp\/v2\/media\/10589"}],"wp:attachment":[{"href":"https:\/\/apartis.swiss\/site\/wp-json\/wp\/v2\/media?parent=10586"}],"wp:term":[{"taxonomy":"category","embeddable":true,"href":"https:\/\/apartis.swiss\/site\/wp-json\/wp\/v2\/categories?post=10586"},{"taxonomy":"post_tag","embeddable":true,"href":"https:\/\/apartis.swiss\/site\/wp-json\/wp\/v2\/tags?post=10586"}],"curies":[{"name":"wp","href":"https:\/\/api.w.org\/{rel}","templated":true}]}}