{"id":10416,"date":"2020-07-06T09:39:49","date_gmt":"2020-07-06T07:39:49","guid":{"rendered":"https:\/\/apartis.swiss\/?p=10416"},"modified":"2020-07-06T09:44:37","modified_gmt":"2020-07-06T07:44:37","slug":"comment-bien-aerer-son-appartement","status":"publish","type":"post","link":"https:\/\/apartis.swiss\/site\/comment-bien-aerer-son-appartement\/","title":{"rendered":"Comment bien a\u00e9rer son appartement ?"},"content":{"rendered":"<p><img loading=\"lazy\" decoding=\"async\" class=\"wp-image-10417 size-medium alignleft\" src=\"https:\/\/apartis.swiss\/site\/wp-content\/uploads\/2020\/07\/fenetre-300x300.jpg\" alt=\"\" width=\"300\" height=\"300\" srcset=\"https:\/\/apartis.swiss\/site\/wp-content\/uploads\/2020\/07\/fenetre-300x300.jpg 300w, https:\/\/apartis.swiss\/site\/wp-content\/uploads\/2020\/07\/fenetre-1030x1030.jpg 1030w, https:\/\/apartis.swiss\/site\/wp-content\/uploads\/2020\/07\/fenetre-80x80.jpg 80w, https:\/\/apartis.swiss\/site\/wp-content\/uploads\/2020\/07\/fenetre-768x768.jpg 768w, https:\/\/apartis.swiss\/site\/wp-content\/uploads\/2020\/07\/fenetre-36x36.jpg 36w, https:\/\/apartis.swiss\/site\/wp-content\/uploads\/2020\/07\/fenetre-180x180.jpg 180w, https:\/\/apartis.swiss\/site\/wp-content\/uploads\/2020\/07\/fenetre-705x705.jpg 705w, https:\/\/apartis.swiss\/site\/wp-content\/uploads\/2020\/07\/fenetre.jpg 1378w\" sizes=\"(max-width: 300px) 100vw, 300px\" \/><\/p>\n<p>Un manque d\u2019a\u00e9ration peut cr\u00e9er de gros probl\u00e8mes pouvant aller jusqu\u2019\u00e0 l\u2019apparition de moisissure ou la d\u00e9t\u00e9rioration des mat\u00e9riaux de construction.<\/p>\n<p>Pour cela, n\u2019oubliez pas <strong>3 r\u00e8gles tr\u00e8s importantes<\/strong> :<\/p>\n<ul>\n<li>A\u00e9rer tout l\u2019appartement trois fois par jour, fen\u00eatres grandes ouvertes 5 \u00e0 10 minutes. Cela doit provoquer des courants d\u2019air.<\/li>\n<li>En cas de quantit\u00e9 importante de vapeur (si vous cuisinez, prenez une douche ou repassez), actionner les ventilateurs aspirants. S\u2019il n\u2019y en a pas, a\u00e9rer en ouvrant les fen\u00eatres pendant ou imm\u00e9diatement apr\u00e8s la production d\u2019humidit\u00e9.<\/li>\n<li>Remplacer les filtres des ventilations des salles de bains tous les 2 mois (\u00e0 disposition chez vos concierges respectifs).<\/li>\n<\/ul>\n","protected":false},"excerpt":{"rendered":"<p>Un manque d\u2019a\u00e9ration peut cr\u00e9er de gros probl\u00e8mes pouvant aller jusqu\u2019\u00e0 l\u2019apparition de moisissure ou la d\u00e9t\u00e9rioration des mat\u00e9riaux de construction. Pour cela, n\u2019oubliez pas 3 r\u00e8gles tr\u00e8s importantes : A\u00e9rer tout l\u2019appartement trois fois par jour, fen\u00eatres grandes ouvertes 5 \u00e0 10 minutes. Cela doit provoquer des courants d\u2019air. En cas de quantit\u00e9 importante [&hellip;]<\/p>\n","protected":false},"author":2,"featured_media":10417,"comment_status":"closed","ping_status":"closed","sticky":false,"template":"","format":"standard","meta":{"footnotes":""},"categories":[61],"tags":[],"class_list":["post-10416","post","type-post","status-publish","format-standard","has-post-thumbnail","hentry","category-article-fr"],"publishpress_future_action":{"enabled":false,"date":"2026-09-08 08:46:55","action":"change-status","newStatus":"draft","terms":[],"taxonomy":"category"},"_links":{"self":[{"href":"https:\/\/apartis.swiss\/site\/wp-json\/wp\/v2\/posts\/10416"}],"collection":[{"href":"https:\/\/apartis.swiss\/site\/wp-json\/wp\/v2\/posts"}],"about":[{"href":"https:\/\/apartis.swiss\/site\/wp-json\/wp\/v2\/types\/post"}],"author":[{"embeddable":true,"href":"https:\/\/apartis.swiss\/site\/wp-json\/wp\/v2\/users\/2"}],"replies":[{"embeddable":true,"href":"https:\/\/apartis.swiss\/site\/wp-json\/wp\/v2\/comments?post=10416"}],"version-history":[{"count":0,"href":"https:\/\/apartis.swiss\/site\/wp-json\/wp\/v2\/posts\/10416\/revisions"}],"wp:featuredmedia":[{"embeddable":true,"href":"https:\/\/apartis.swiss\/site\/wp-json\/wp\/v2\/media\/10417"}],"wp:attachment":[{"href":"https:\/\/apartis.swiss\/site\/wp-json\/wp\/v2\/media?parent=10416"}],"wp:term":[{"taxonomy":"category","embeddable":true,"href":"https:\/\/apartis.swiss\/site\/wp-json\/wp\/v2\/categories?post=10416"},{"taxonomy":"post_tag","embeddable":true,"href":"https:\/\/apartis.swiss\/site\/wp-json\/wp\/v2\/tags?post=10416"}],"curies":[{"name":"wp","href":"https:\/\/api.w.org\/{rel}","templated":true}]}}