{"id":10348,"date":"2020-06-18T12:00:21","date_gmt":"2020-06-18T10:00:21","guid":{"rendered":"https:\/\/apartis.swiss\/?p=10348"},"modified":"2020-06-18T12:03:04","modified_gmt":"2020-06-18T10:03:04","slug":"etudiant-echange-covid","status":"publish","type":"post","link":"https:\/\/apartis.swiss\/site\/etudiant-echange-covid\/","title":{"rendered":"Les \u00e9tudiants d&rsquo;\u00e9change et le COVID-19"},"content":{"rendered":"<p><img loading=\"lazy\" decoding=\"async\" class=\"alignleft size-square wp-image-10345\" src=\"https:\/\/apartis.swiss\/site\/wp-content\/uploads\/2020\/06\/Le-Matin-Dimanche-Etudiants-Erasmus-180x180.jpg\" alt=\"\" width=\"180\" height=\"180\" srcset=\"https:\/\/apartis.swiss\/site\/wp-content\/uploads\/2020\/06\/Le-Matin-Dimanche-Etudiants-Erasmus-180x180.jpg 180w, https:\/\/apartis.swiss\/site\/wp-content\/uploads\/2020\/06\/Le-Matin-Dimanche-Etudiants-Erasmus-80x80.jpg 80w, https:\/\/apartis.swiss\/site\/wp-content\/uploads\/2020\/06\/Le-Matin-Dimanche-Etudiants-Erasmus-36x36.jpg 36w\" sizes=\"(max-width: 180px) 100vw, 180px\" \/>Le s\u00e9jour des \u00e9tudiants d\u2019\u00e9change en Suisse a \u00e9t\u00e9 chamboul\u00e9 par l\u2019arriv\u00e9e d\u2019un h\u00f4te ind\u00e9sirable : le COVID-19.<\/p>\n<p>Ne manquez pas de lire l&rsquo;article paru dans Le Matin Dimanche du 14 juin 2020.<\/p>\n<p>[<a href=\"https:\/\/apartis.swiss\/site\/wp-content\/uploads\/2020\/06\/Le-Matin-Dimanche-Etudiants-Erasmus.pdf\" target=\"_blank\" rel=\"noopener\">Lire l&rsquo;article<\/a>]<\/p>\n","protected":false},"excerpt":{"rendered":"<p>Le s\u00e9jour des \u00e9tudiants d\u2019\u00e9change en Suisse a \u00e9t\u00e9 chamboul\u00e9 par l\u2019arriv\u00e9e d\u2019un h\u00f4te ind\u00e9sirable : le COVID-19. Ne manquez pas de lire l&rsquo;article paru dans Le Matin Dimanche du 14 juin 2020. [Lire l&rsquo;article]<\/p>\n","protected":false},"author":2,"featured_media":10345,"comment_status":"closed","ping_status":"closed","sticky":false,"template":"","format":"standard","meta":{"footnotes":""},"categories":[12],"tags":[],"class_list":["post-10348","post","type-post","status-publish","format-standard","has-post-thumbnail","hentry","category-apartis-fr"],"publishpress_future_action":{"enabled":false,"date":"2026-09-08 08:46:50","action":"change-status","newStatus":"draft","terms":[],"taxonomy":"category"},"_links":{"self":[{"href":"https:\/\/apartis.swiss\/site\/wp-json\/wp\/v2\/posts\/10348"}],"collection":[{"href":"https:\/\/apartis.swiss\/site\/wp-json\/wp\/v2\/posts"}],"about":[{"href":"https:\/\/apartis.swiss\/site\/wp-json\/wp\/v2\/types\/post"}],"author":[{"embeddable":true,"href":"https:\/\/apartis.swiss\/site\/wp-json\/wp\/v2\/users\/2"}],"replies":[{"embeddable":true,"href":"https:\/\/apartis.swiss\/site\/wp-json\/wp\/v2\/comments?post=10348"}],"version-history":[{"count":0,"href":"https:\/\/apartis.swiss\/site\/wp-json\/wp\/v2\/posts\/10348\/revisions"}],"wp:featuredmedia":[{"embeddable":true,"href":"https:\/\/apartis.swiss\/site\/wp-json\/wp\/v2\/media\/10345"}],"wp:attachment":[{"href":"https:\/\/apartis.swiss\/site\/wp-json\/wp\/v2\/media?parent=10348"}],"wp:term":[{"taxonomy":"category","embeddable":true,"href":"https:\/\/apartis.swiss\/site\/wp-json\/wp\/v2\/categories?post=10348"},{"taxonomy":"post_tag","embeddable":true,"href":"https:\/\/apartis.swiss\/site\/wp-json\/wp\/v2\/tags?post=10348"}],"curies":[{"name":"wp","href":"https:\/\/api.w.org\/{rel}","templated":true}]}}