{"id":9707,"date":"2020-08-31T13:30:57","date_gmt":"2020-08-31T11:30:57","guid":{"rendered":"https:\/\/apartis.swiss\/operation-velo\/"},"modified":"2020-08-31T13:55:43","modified_gmt":"2020-08-31T11:55:43","slug":"besitzer-fahrrader","status":"publish","type":"post","link":"https:\/\/apartis.swiss\/site\/de\/besitzer-fahrrader\/","title":{"rendered":"An die Besitzer von Fahrr\u00e4dern"},"content":{"rendered":"<p><strong><img loading=\"lazy\" decoding=\"async\" class=\"alignright wp-image-9699 size-square\" src=\"https:\/\/apartis.swiss\/site\/wp-content\/uploads\/2020\/02\/operation_velo-180x180.png\" alt=\"\" width=\"180\" height=\"180\" srcset=\"https:\/\/apartis.swiss\/site\/wp-content\/uploads\/2020\/02\/operation_velo-180x180.png 180w, https:\/\/apartis.swiss\/site\/wp-content\/uploads\/2020\/02\/operation_velo-300x300.png 300w, https:\/\/apartis.swiss\/site\/wp-content\/uploads\/2020\/02\/operation_velo-80x80.png 80w, https:\/\/apartis.swiss\/site\/wp-content\/uploads\/2020\/02\/operation_velo-36x36.png 36w, https:\/\/apartis.swiss\/site\/wp-content\/uploads\/2020\/02\/operation_velo.png 350w\" sizes=\"(max-width: 180px) 100vw, 180px\" \/><\/strong><\/p>\n<p>ahlreiche unbenutzte Fahrr\u00e4der \u00fcberf\u00fcllen die Velo-Parkpl\u00e4tze. Um Platz in den Velounterst\u00e4nden zu machen, werden wir die Zweir\u00e4der ohne Besitzer entfernen.<\/p>\n<p>Was Sie tun mu\u0308ssen ?<\/p>\n<ul>\n<li>Bitte zeichnen Sie Ihr Fahrrad (mit Namen und Datum) bis am <strong>28. September 2020<\/strong> deutlich an.<\/li>\n<li><span style=\"color: #ff0000;\">Alle Fahrr\u00e4der ohne Besitzer (ohne Etikette und ohne g\u00fcltiges Datum) werden ab dem <strong>29. September 2020<\/strong> ger\u00e4umt.<\/span><\/li>\n<\/ul>\n<p>F\u00fcr allf\u00e4llige Fragen bleiben wir zur Verf\u00fcgung.<\/p>\n<p>Herzlichen Dank f\u00fcr Ihre wertvolle Mitarbeit!<\/p>\n","protected":false},"excerpt":{"rendered":"<p>ahlreiche unbenutzte Fahrr\u00e4der \u00fcberf\u00fcllen die Velo-Parkpl\u00e4tze. Um Platz in den Velounterst\u00e4nden zu machen, werden wir die Zweir\u00e4der ohne Besitzer entfernen. Was Sie tun mu\u0308ssen ? Bitte zeichnen Sie Ihr Fahrrad (mit Namen und Datum) bis am 28. September 2020 deutlich an. Alle Fahrr\u00e4der ohne Besitzer (ohne Etikette und ohne g\u00fcltiges Datum) werden ab dem 29. [&hellip;]<\/p>\n","protected":false},"author":2,"featured_media":9701,"comment_status":"closed","ping_status":"closed","sticky":false,"template":"","format":"standard","meta":{"footnotes":""},"categories":[17],"tags":[],"class_list":["post-9707","post","type-post","status-publish","format-standard","has-post-thumbnail","hentry","category-apartis-de"],"publishpress_future_action":{"enabled":false,"date":"2026-09-08 09:31:21","action":"change-status","newStatus":"draft","terms":[],"taxonomy":"category"},"_links":{"self":[{"href":"https:\/\/apartis.swiss\/site\/de\/wp-json\/wp\/v2\/posts\/9707"}],"collection":[{"href":"https:\/\/apartis.swiss\/site\/de\/wp-json\/wp\/v2\/posts"}],"about":[{"href":"https:\/\/apartis.swiss\/site\/de\/wp-json\/wp\/v2\/types\/post"}],"author":[{"embeddable":true,"href":"https:\/\/apartis.swiss\/site\/de\/wp-json\/wp\/v2\/users\/2"}],"replies":[{"embeddable":true,"href":"https:\/\/apartis.swiss\/site\/de\/wp-json\/wp\/v2\/comments?post=9707"}],"version-history":[{"count":0,"href":"https:\/\/apartis.swiss\/site\/de\/wp-json\/wp\/v2\/posts\/9707\/revisions"}],"wp:featuredmedia":[{"embeddable":true,"href":"https:\/\/apartis.swiss\/site\/de\/wp-json\/wp\/v2\/media\/9701"}],"wp:attachment":[{"href":"https:\/\/apartis.swiss\/site\/de\/wp-json\/wp\/v2\/media?parent=9707"}],"wp:term":[{"taxonomy":"category","embeddable":true,"href":"https:\/\/apartis.swiss\/site\/de\/wp-json\/wp\/v2\/categories?post=9707"},{"taxonomy":"post_tag","embeddable":true,"href":"https:\/\/apartis.swiss\/site\/de\/wp-json\/wp\/v2\/tags?post=9707"}],"curies":[{"name":"wp","href":"https:\/\/api.w.org\/{rel}","templated":true}]}}