{"id":8143,"date":"2019-10-28T18:16:12","date_gmt":"2019-10-28T17:16:12","guid":{"rendered":"https:\/\/apartis.swiss\/apartis-a-obtenu-le-label-carbon-fri\/"},"modified":"2020-02-20T08:42:27","modified_gmt":"2020-02-20T07:42:27","slug":"apartis-a-obtenu-le-label-carbon-fri","status":"publish","type":"post","link":"https:\/\/apartis.swiss\/site\/de\/apartis-a-obtenu-le-label-carbon-fri\/","title":{"rendered":"Die Apartis-Stiftung &#8211; zertifiziert \u00ab CARBON FRI \u00bb"},"content":{"rendered":"<p>Die Stiftung f\u00fcr studentisches Wohnen Apartis wurde f\u00fcr all ihre Aktivit\u00e4ten mit dem Label Carbon Fri ausgezeichnet. Apartis f\u00fchrt die CO2-Bewertung seit mehreren Jahren mit Climate Service durch und hat beschlossen, mehr f\u00fcr die Umwelt zu tun.<\/p>\n<p>Die anfangs 2018 gegr\u00fcndete Stiftung Carbon Fri hat sich zum Ziel gesetzt, die CO<sub>2<\/sub>-Emissionen von Freiburger Unternehmen zu reduzieren. Um das zu erreichen, vergibt sie das Label \u00abCarbon Fri\u00bb an Unternehmen, die sich daf\u00fcr einsetzen, ihre CO<sub>2<\/sub>-Emissionen zu reduzieren. Pro Tonne CO<sub>2<\/sub>, die in die Atmosph\u00e4re freigesetzt wird, investiert das Unternehmen in die Stiftung. Der gesamte Erl\u00f6s wird mit der Unterst\u00fctzung lokaler Projekte, die von bereits existierenden Subventionsprogrammen nicht profitieren k\u00f6nnen, an die Freiburger Wirtschaft zur\u00fcckverteilt.<\/p>\n<p align=\"justify\"><a href=\"https:\/\/www.carbonfri.ch\" target=\"_blank\" rel=\"noopener noreferrer\">www.carbonfri.ch<\/a><\/p>\n","protected":false},"excerpt":{"rendered":"<p>Die Stiftung f\u00fcr studentisches Wohnen Apartis wurde f\u00fcr all ihre Aktivit\u00e4ten mit dem Label Carbon Fri ausgezeichnet. Apartis f\u00fchrt die CO2-Bewertung seit mehreren Jahren mit Climate Service durch und hat beschlossen, mehr f\u00fcr die Umwelt zu tun. Die anfangs 2018 gegr\u00fcndete Stiftung Carbon Fri hat sich zum Ziel gesetzt, die CO2-Emissionen von Freiburger Unternehmen zu [&hellip;]<\/p>\n","protected":false},"author":2,"featured_media":8983,"comment_status":"closed","ping_status":"closed","sticky":false,"template":"","format":"standard","meta":{"footnotes":""},"categories":[17],"tags":[],"class_list":["post-8143","post","type-post","status-publish","format-standard","has-post-thumbnail","hentry","category-apartis-de"],"publishpress_future_action":{"enabled":false,"date":"2026-09-08 09:33:10","action":"change-status","newStatus":"draft","terms":[],"taxonomy":"category"},"_links":{"self":[{"href":"https:\/\/apartis.swiss\/site\/de\/wp-json\/wp\/v2\/posts\/8143"}],"collection":[{"href":"https:\/\/apartis.swiss\/site\/de\/wp-json\/wp\/v2\/posts"}],"about":[{"href":"https:\/\/apartis.swiss\/site\/de\/wp-json\/wp\/v2\/types\/post"}],"author":[{"embeddable":true,"href":"https:\/\/apartis.swiss\/site\/de\/wp-json\/wp\/v2\/users\/2"}],"replies":[{"embeddable":true,"href":"https:\/\/apartis.swiss\/site\/de\/wp-json\/wp\/v2\/comments?post=8143"}],"version-history":[{"count":0,"href":"https:\/\/apartis.swiss\/site\/de\/wp-json\/wp\/v2\/posts\/8143\/revisions"}],"wp:featuredmedia":[{"embeddable":true,"href":"https:\/\/apartis.swiss\/site\/de\/wp-json\/wp\/v2\/media\/8983"}],"wp:attachment":[{"href":"https:\/\/apartis.swiss\/site\/de\/wp-json\/wp\/v2\/media?parent=8143"}],"wp:term":[{"taxonomy":"category","embeddable":true,"href":"https:\/\/apartis.swiss\/site\/de\/wp-json\/wp\/v2\/categories?post=8143"},{"taxonomy":"post_tag","embeddable":true,"href":"https:\/\/apartis.swiss\/site\/de\/wp-json\/wp\/v2\/tags?post=8143"}],"curies":[{"name":"wp","href":"https:\/\/api.w.org\/{rel}","templated":true}]}}