{"id":10706,"date":"2020-08-27T08:28:54","date_gmt":"2020-08-27T06:28:54","guid":{"rendered":"https:\/\/apartis.swiss\/fonderie-interview-charles-ducrot\/"},"modified":"2020-08-27T08:45:47","modified_gmt":"2020-08-27T06:45:47","slug":"interview-charles-ducrot","status":"publish","type":"post","link":"https:\/\/apartis.swiss\/site\/de\/interview-charles-ducrot\/","title":{"rendered":"La Fonderie, interview de Charles Ducrot"},"content":{"rendered":"<p>Charles Ducrot, Pr\u00e4sident der Apartis-Stiftung, gab uns einen Termin an der Universit\u00e4t Freiburg. Entdecken Sie die Herausforderungen, die das Projekt La Fonderie f\u00fcr ihn geschaffen hat.<\/p>\n<p><iframe loading=\"lazy\" src=\"https:\/\/www.facebook.com\/plugins\/video.php?href=https%3A%2F%2Fwww.facebook.com%2FApartisFR%2Fvideos%2F651591225463831%2F&#038;show_text=0&#038;width=560\" width=\"560\" height=\"315\" style=\"border:none;overflow:hidden\" scrolling=\"no\" frameborder=\"0\" allowTransparency=\"true\" allowFullScreen=\"true\"><\/iframe><\/p>\n","protected":false},"excerpt":{"rendered":"<p>Charles Ducrot, Pr\u00e4sident der Apartis-Stiftung, gab uns einen Termin an der Universit\u00e4t Freiburg. Entdecken Sie die Herausforderungen, die das Projekt La Fonderie f\u00fcr ihn geschaffen hat.<\/p>\n","protected":false},"author":2,"featured_media":10699,"comment_status":"closed","ping_status":"closed","sticky":false,"template":"","format":"standard","meta":{"footnotes":""},"categories":[17,62,23],"tags":[],"class_list":["post-10706","post","type-post","status-publish","format-standard","has-post-thumbnail","hentry","category-apartis-de","category-article-de","category-projekt_fonderie"],"publishpress_future_action":{"enabled":false,"date":"2026-09-08 09:31:25","action":"change-status","newStatus":"draft","terms":[],"taxonomy":"category"},"_links":{"self":[{"href":"https:\/\/apartis.swiss\/site\/de\/wp-json\/wp\/v2\/posts\/10706"}],"collection":[{"href":"https:\/\/apartis.swiss\/site\/de\/wp-json\/wp\/v2\/posts"}],"about":[{"href":"https:\/\/apartis.swiss\/site\/de\/wp-json\/wp\/v2\/types\/post"}],"author":[{"embeddable":true,"href":"https:\/\/apartis.swiss\/site\/de\/wp-json\/wp\/v2\/users\/2"}],"replies":[{"embeddable":true,"href":"https:\/\/apartis.swiss\/site\/de\/wp-json\/wp\/v2\/comments?post=10706"}],"version-history":[{"count":0,"href":"https:\/\/apartis.swiss\/site\/de\/wp-json\/wp\/v2\/posts\/10706\/revisions"}],"wp:featuredmedia":[{"embeddable":true,"href":"https:\/\/apartis.swiss\/site\/de\/wp-json\/wp\/v2\/media\/10699"}],"wp:attachment":[{"href":"https:\/\/apartis.swiss\/site\/de\/wp-json\/wp\/v2\/media?parent=10706"}],"wp:term":[{"taxonomy":"category","embeddable":true,"href":"https:\/\/apartis.swiss\/site\/de\/wp-json\/wp\/v2\/categories?post=10706"},{"taxonomy":"post_tag","embeddable":true,"href":"https:\/\/apartis.swiss\/site\/de\/wp-json\/wp\/v2\/tags?post=10706"}],"curies":[{"name":"wp","href":"https:\/\/api.w.org\/{rel}","templated":true}]}}