{"id":10567,"date":"2020-07-16T12:22:55","date_gmt":"2020-07-16T10:22:55","guid":{"rendered":"https:\/\/apartis.swiss\/repas-du-soir\/"},"modified":"2020-08-06T16:01:10","modified_gmt":"2020-08-06T14:01:10","slug":"abend-dinner","status":"publish","type":"post","link":"https:\/\/apartis.swiss\/site\/de\/abend-dinner\/","title":{"rendered":"Abendessen"},"content":{"rendered":"<p>Die letzte Mahlzeit des Tages sollte eine ausgewogene Mahlzeit sein, die den K\u00f6rper mit guten N\u00e4hrstoffen versorgt. Sie sollte nicht zu reichlich sein, denn nachts verbrauchen wir nicht viel Energie.<br \/>\nZum Sommeranfang habe ich ein kaltes, frisches und farbenfrohes Gericht ausgew\u00e4hlt.<\/p>\n<p><img loading=\"lazy\" decoding=\"async\" class=\"alignleft wp-image-10508 size-medium\" src=\"https:\/\/apartis.swiss\/site\/wp-content\/uploads\/2020\/07\/WhatsApp-Image-2020-07-08-at-18.44.23-e1594894377629-300x287.jpeg\" alt=\"\" width=\"300\" height=\"276\" \/><\/p>\n<p>Gemischter Salat aus Kopfsalat, Gurken, Paprika, Tomaten, Fenchel und Zwiebeln, dazu Forellenfilet und Pellkartoffeln.<br \/>\nSalatsauce (Oliven\u00f6l, Aceto balsamico, Senf, verschiedene Kr\u00e4uter).<\/p>\n<p>Kopfsalat ist leicht und erfrischend, reich an Mineralien und einer Vielzahl von Vitaminen. Er ist sehr kalorienarm und ist aufgrund seines Ballaststoffgehalts stark s\u00e4ttigend. Er f\u00f6rdert die Verdauung und ist eine gro\u00dfe Hilfe bei Wassereinlagerungen und Nierensteinen.<\/p>\n<p>Die Gurke ist eine ausgezeichnete Wasserquelle mit sehr wenig Kalorien. Wie der Kopfsalat enth\u00e4lt sie eine Vielzahl von Mineralstoffen und Vitaminen der Gruppen A, B, C und E.<\/p>\n<p>Mit seinen Antioxidantien bek\u00e4mpft der Paprika freie Radikale und verhindert Herz-Kreislauf-Erkrankungen, sowie Cholesterinansammlungen in den Arterien.<br \/>\nIch habe mich f\u00fcr roten Paprika entschieden, da sein Vitamin-C-Gehalt 100 % unseres t\u00e4glichen Bedarfs deckt. Er ist perfekt, um Erm\u00fcdungen zu vermeiden. Ausserdem noch gelber Paprika, der Vitamin B6 enth\u00e4lt, welches im Nervensystem enthalten ist.<\/p>\n<p>Farbig, s\u00fc\u00df und s\u00e4uerlich zugleich hilft die Tomate unserer Haut, sich vor den Sonnenstrahlen zu sch\u00fctzen und ist reich an Ballaststoffen. Als wichtige Mineralstoffquelle unterst\u00fctzt sie die Nierenfunktion.<\/p>\n<p>Sie ist besonders reich an Lycopin, welches freie Radikale angreift, die f\u00fcr das Altern und bestimmte Krankheiten wie Krebs verantwortlich sind.<\/p>\n<p>Ein Hauch Fenchel f\u00fcr seinen frischen und anisartigen Geschmack! Er enth\u00e4lt ebenfalls antioxidative Substanzen und ist reich an Natrium und Vitamin E.<\/p>\n<p>Zum Abschluss eine kleine Menge Zwiebel f\u00fcr diesen h\u00fcbschen Salat. Er hat einen hohen Quercetin-Gehalt, der die Blutzirkulation f\u00f6rdert. Ausserdem enth\u00e4lt sie Kiesels\u00e4ure, die Thrombosen und die Alterung von Venen und Arterien zu verhindern hilft. Sie hat blutbildende Eigenschaften und regeneriert rote Blutk\u00f6rperchen.<\/p>\n<p>Forelle ist ein fetthaltiger Fisch, der eine ausgezeichnete Quelle f\u00fcr Omega-3-Fetts\u00e4uren darstellt, bekannt f\u00fcr die Vermeidung von bestimmten Krebsarten und Herz-Kreislauf-Erkrankungen. Phosphor, Selen und B-Vitaminquelle.<\/p>\n<p>Die Kartoffel ist ein perfekter Begleiter zum gemischten Salat, vor allem zur Abendzeit, da sie den Schlaf erleichtert. Sie ist reich an Vitamin B6 (Zellerneuerung) und erh\u00e4lt das Nervensystem gesund und ausgeglichen. Die darin enthaltenen hohen Kupfer- und Eisenanteile regen die Hirnaktivit\u00e4t an. Reich an Kalium, jedoch arm an Natrium senkt sie den Blutdruck.<\/p>\n<p>Dieser gemischte Salat hat noch viele andere Qualit\u00e4ten f\u00fcr die hier leider nicht genug Platz w\u00e4re, um sie aufzulisten.<\/p>\n<p>Es ist wichtig, dass diese Mahlzeit fr\u00fch gegessen wird, damit der K\u00f6rper Zeit hat, sie zu verdauen und Ihr nicht mit schwerem Magen zu Bett gehen m\u00fcsst. Die Schlafqualit\u00e4t wird dadurch verbessert!<\/p>\n<p>Es ben\u00f6tigt zwar ein wenig Vorbereitungszeit, jedoch sollte man sich diesen Geschmack nicht entgehen lassen! Guten Appetit<\/p>\n","protected":false},"excerpt":{"rendered":"<p>Die letzte Mahlzeit des Tages sollte eine ausgewogene Mahlzeit sein, die den K\u00f6rper mit guten N\u00e4hrstoffen versorgt. Sie sollte nicht zu reichlich sein, denn nachts verbrauchen wir nicht viel Energie. Zum Sommeranfang habe ich ein kaltes, frisches und farbenfrohes Gericht ausgew\u00e4hlt. Gemischter Salat aus Kopfsalat, Gurken, Paprika, Tomaten, Fenchel und Zwiebeln, dazu Forellenfilet und Pellkartoffeln. [&hellip;]<\/p>\n","protected":false},"author":9,"featured_media":10510,"comment_status":"closed","ping_status":"closed","sticky":false,"template":"","format":"standard","meta":{"footnotes":""},"categories":[65],"tags":[],"class_list":["post-10567","post","type-post","status-publish","format-standard","has-post-thumbnail","hentry","category-ernahrung_sport_de"],"publishpress_future_action":{"enabled":false,"date":"2026-09-08 09:31:03","action":"change-status","newStatus":"draft","terms":[],"taxonomy":"category"},"_links":{"self":[{"href":"https:\/\/apartis.swiss\/site\/de\/wp-json\/wp\/v2\/posts\/10567"}],"collection":[{"href":"https:\/\/apartis.swiss\/site\/de\/wp-json\/wp\/v2\/posts"}],"about":[{"href":"https:\/\/apartis.swiss\/site\/de\/wp-json\/wp\/v2\/types\/post"}],"author":[{"embeddable":true,"href":"https:\/\/apartis.swiss\/site\/de\/wp-json\/wp\/v2\/users\/9"}],"replies":[{"embeddable":true,"href":"https:\/\/apartis.swiss\/site\/de\/wp-json\/wp\/v2\/comments?post=10567"}],"version-history":[{"count":0,"href":"https:\/\/apartis.swiss\/site\/de\/wp-json\/wp\/v2\/posts\/10567\/revisions"}],"wp:featuredmedia":[{"embeddable":true,"href":"https:\/\/apartis.swiss\/site\/de\/wp-json\/wp\/v2\/media\/10510"}],"wp:attachment":[{"href":"https:\/\/apartis.swiss\/site\/de\/wp-json\/wp\/v2\/media?parent=10567"}],"wp:term":[{"taxonomy":"category","embeddable":true,"href":"https:\/\/apartis.swiss\/site\/de\/wp-json\/wp\/v2\/categories?post=10567"},{"taxonomy":"post_tag","embeddable":true,"href":"https:\/\/apartis.swiss\/site\/de\/wp-json\/wp\/v2\/tags?post=10567"}],"curies":[{"name":"wp","href":"https:\/\/api.w.org\/{rel}","templated":true}]}}