{"id":10424,"date":"2020-07-06T09:39:49","date_gmt":"2020-07-06T07:39:49","guid":{"rendered":"https:\/\/apartis.swiss\/comment-bien-aerer-son-appartement\/"},"modified":"2020-07-06T09:44:59","modified_gmt":"2020-07-06T07:44:59","slug":"luften-wohnung-richtig","status":"publish","type":"post","link":"https:\/\/apartis.swiss\/site\/de\/luften-wohnung-richtig\/","title":{"rendered":"Wie l\u00fcften Sie Ihre Wohnung richtig?"},"content":{"rendered":"<p><img loading=\"lazy\" decoding=\"async\" class=\"wp-image-10417 size-medium alignleft\" src=\"https:\/\/apartis.swiss\/site\/wp-content\/uploads\/2020\/07\/fenetre-300x300.jpg\" alt=\"\" width=\"300\" height=\"300\" srcset=\"https:\/\/apartis.swiss\/site\/wp-content\/uploads\/2020\/07\/fenetre-300x300.jpg 300w, https:\/\/apartis.swiss\/site\/wp-content\/uploads\/2020\/07\/fenetre-1030x1030.jpg 1030w, https:\/\/apartis.swiss\/site\/wp-content\/uploads\/2020\/07\/fenetre-80x80.jpg 80w, https:\/\/apartis.swiss\/site\/wp-content\/uploads\/2020\/07\/fenetre-768x768.jpg 768w, https:\/\/apartis.swiss\/site\/wp-content\/uploads\/2020\/07\/fenetre-36x36.jpg 36w, https:\/\/apartis.swiss\/site\/wp-content\/uploads\/2020\/07\/fenetre-180x180.jpg 180w, https:\/\/apartis.swiss\/site\/wp-content\/uploads\/2020\/07\/fenetre-705x705.jpg 705w, https:\/\/apartis.swiss\/site\/wp-content\/uploads\/2020\/07\/fenetre.jpg 1378w\" sizes=\"(max-width: 300px) 100vw, 300px\" \/><\/p>\n<p>Bei einer mangelnden L\u00fcftung der Wohnung k\u00f6nnen Probleme auftreten, wie z.B. Schimmel oder eine Besch\u00e4digung der Bausubstanz.<\/p>\n<p>Deshalb vergessen Sie nicht die <strong>3 sehr wichtigen Regeln<\/strong>:<\/p>\n<ul>\n<li>L\u00fcften Sie die ganze Wohnung dreimal pro Tag, \u00f6ffnen Sie 5 bis 10 Minuten weit das Fenster. Es sollte Zugluft entstehen.<\/li>\n<li>Bei einer gro\u00dfen Menge Dampf (z.B. beim Kochen, Duschen oder B\u00fcgeln), schalten Sie den L\u00fcftung ein. Wenn es keinen L\u00fcftung gibt, l\u00fcften Sie durch \u00d6ffnen der Fenster w\u00e4hrend oder sofort nach Entstehen von Feuchtigkeit.<\/li>\n<li>Tauschen Sie die Textilfilter im Badezimmer alle 2 Monate aus (verf\u00fcgbar bei Ihren jeweiligen Hausmeistern).<\/li>\n<\/ul>\n","protected":false},"excerpt":{"rendered":"<p>Bei einer mangelnden L\u00fcftung der Wohnung k\u00f6nnen Probleme auftreten, wie z.B. Schimmel oder eine Besch\u00e4digung der Bausubstanz. Deshalb vergessen Sie nicht die 3 sehr wichtigen Regeln: L\u00fcften Sie die ganze Wohnung dreimal pro Tag, \u00f6ffnen Sie 5 bis 10 Minuten weit das Fenster. Es sollte Zugluft entstehen. Bei einer gro\u00dfen Menge Dampf (z.B. beim Kochen, [&hellip;]<\/p>\n","protected":false},"author":2,"featured_media":10419,"comment_status":"closed","ping_status":"closed","sticky":false,"template":"","format":"standard","meta":{"footnotes":""},"categories":[62],"tags":[],"class_list":["post-10424","post","type-post","status-publish","format-standard","has-post-thumbnail","hentry","category-article-de"],"publishpress_future_action":{"enabled":false,"date":"2026-09-08 09:33:29","action":"change-status","newStatus":"draft","terms":[],"taxonomy":"category"},"_links":{"self":[{"href":"https:\/\/apartis.swiss\/site\/de\/wp-json\/wp\/v2\/posts\/10424"}],"collection":[{"href":"https:\/\/apartis.swiss\/site\/de\/wp-json\/wp\/v2\/posts"}],"about":[{"href":"https:\/\/apartis.swiss\/site\/de\/wp-json\/wp\/v2\/types\/post"}],"author":[{"embeddable":true,"href":"https:\/\/apartis.swiss\/site\/de\/wp-json\/wp\/v2\/users\/2"}],"replies":[{"embeddable":true,"href":"https:\/\/apartis.swiss\/site\/de\/wp-json\/wp\/v2\/comments?post=10424"}],"version-history":[{"count":0,"href":"https:\/\/apartis.swiss\/site\/de\/wp-json\/wp\/v2\/posts\/10424\/revisions"}],"wp:featuredmedia":[{"embeddable":true,"href":"https:\/\/apartis.swiss\/site\/de\/wp-json\/wp\/v2\/media\/10419"}],"wp:attachment":[{"href":"https:\/\/apartis.swiss\/site\/de\/wp-json\/wp\/v2\/media?parent=10424"}],"wp:term":[{"taxonomy":"category","embeddable":true,"href":"https:\/\/apartis.swiss\/site\/de\/wp-json\/wp\/v2\/categories?post=10424"},{"taxonomy":"post_tag","embeddable":true,"href":"https:\/\/apartis.swiss\/site\/de\/wp-json\/wp\/v2\/tags?post=10424"}],"curies":[{"name":"wp","href":"https:\/\/api.w.org\/{rel}","templated":true}]}}