{"id":10223,"date":"2020-05-20T08:00:53","date_gmt":"2020-05-20T06:00:53","guid":{"rendered":"https:\/\/apartis.swiss\/?p=10223"},"modified":"2020-05-14T17:09:29","modified_gmt":"2020-05-14T15:09:29","slug":"artikel-kundigung","status":"publish","type":"post","link":"https:\/\/apartis.swiss\/site\/de\/artikel-kundigung\/","title":{"rendered":"K\u00fcndigung"},"content":{"rendered":"<p><strong><img loading=\"lazy\" decoding=\"async\" class=\"size-entry_with_sidebar wp-image-10230 alignnone\" src=\"https:\/\/apartis.swiss\/site\/wp-content\/uploads\/2020\/05\/resiliation-bail-1-845x321.jpg\" alt=\"\" width=\"845\" height=\"321\" \/><br \/>\n<br class=\"avia-permanent-lb\" \/><br class=\"avia-permanent-lb\" \/>Ich m\u00f6chte meine Unterkunft verlassen, wie muss ich vorgehen?<\/strong><\/p>\n<p>Um meine Unterkunft mieten zu k\u00f6nnen habe ich einen Mietvertrag mit meinem Vermieter abgeschlossen.<\/p>\n<p>Um die Unterkunft zu verlassen muss ich diesen Mietvertrag schriftlich k\u00fcndigen. Wie funktioniert das?<\/p>\n<p>In meinem Mietvertrag finde ich alle wichtigen Informationen, die ich wissen muss, wie z.B. die K\u00fcndigungsfrist und der n\u00e4chstm\u00f6gliche K\u00fcndigungstermin.<\/p>\n<p><strong>Die terminliche K\u00fcndigung<\/strong><\/p>\n<p>Wenn ich ab dem n\u00e4chstm\u00f6glichen K\u00fcndigungstermin nicht mehr f\u00fcr meine Unterkunft verantwortlich sein m\u00f6chte, muss ich die im Mietvertrag festgelegte K\u00fcndigungsfrist einhalten.<\/p>\n<p>Die K\u00fcndigungsfrist ist noch nicht abgelaufen und der n\u00e4chstm\u00f6gliche K\u00fcndigungstermin passt mir? Super! Dann kann ich ORDENTLICH k\u00fcndigen. Ich sende meinem Vermieter eine schriftliche, eingeschriebene K\u00fcndigung mit meiner Unterschrift und dem gew\u00fcnschten K\u00fcndigungstermin, d.h. dem n\u00e4chstm\u00f6glichen in meinem Mietvertrag aufgef\u00fchrten K\u00fcndigungstermin.<\/p>\n<p><strong>Die vorzeitige K\u00fcndigung<\/strong><\/p>\n<p>OJE, der n\u00e4chstm\u00f6gliche in meinem Mietvertrag aufgef\u00fchrte K\u00fcndigungstermin passt mir gar nicht und ich m\u00f6chte gern vorher ausziehen. Ist das m\u00f6glich?<\/p>\n<p>Ja, aber in diesem Falle handelt es sich um eine VORZEITIGE K\u00fcndigung. Ich sende meinem Vermieter eine schriftliche, eingeschriebene K\u00fcndigung mit meiner Unterschrift und dem gew\u00fcnschten K\u00fcndigungstermin. Gleichzeitig, oder sp\u00e4ter schlage ich dem Vermieter mindestens einen Kandidaten vor, der die Unterkunft zu gleichen Bedingungen \u00fcbernehmen m\u00f6chte und zahlungsf\u00e4hig ist. Es ist also an mir, einen Nachmieter zu finden (Annoncen, Besichtigungen, Interessentenliste mit Name und Kontaktdaten). Mein Vermieter muss ebenfalls die Vermietung f\u00f6rdern, indem er die Unterkunft Interessenten anbietet.<\/p>\n<p><strong>Muss mein Vermieter den von mir vorgeschlagenen Nachmieter akzeptieren?<\/strong><\/p>\n<p>Der Vermieter kontrolliert, ob mein vorgeschlagener Nachmieter die Mietbedingungen erf\u00fcllt und ob er zahlungsf\u00e4hig ist. Wenn er einen Nachmieter ablehnt, der diese Bedingungen erf\u00fcllt, muss er mich aus dem Vertragsverh\u00e4ltnis zum gew\u00fcnschten Datum entlassen. Sollte mein Vermieter einen anderen Nachmieter gefunden haben, kann er diesen bevorzugen.<\/p>\n<p><strong>Innerhalb welcher Frist muss ich einen Nachmieter vorschlagen?<\/strong><\/p>\n<p>Im Allgemeinen betr\u00e4gt die Frist f\u00fcr einen Nachmietervorschlag einen Monat im Voraus f\u00fcr den 15. oder Ende des Monats, da der Vermieter die Zeit ben\u00f6tigt, um die Dossiers zu pr\u00fcfen und die entsprechenden Verwaltungsvorg\u00e4nge durchzuf\u00fchren.<\/p>\n<p><strong>Was passiert, wenn ich keinen Nachmieter finde, oder wenn mein Vorschlag nicht akzeptiert wird?<\/strong><\/p>\n<p>Ich bleibe verantwortlich bis zum Zeitpunkt, dass ein anderer vorgeschlagener Kandidat den Mietvertrag \u00fcbernehmen k\u00f6nnte, jedoch bis sp\u00e4testens zum Ablauf meines Mietvertrages.<\/p>\n<p><strong>Ich habe einen Nachmieter vorgeschlagen, der dann jedoch zur\u00fcckgetreten ist. Bleibe ich weiterhin verantwortlich?<\/strong><\/p>\n<p>Solange der vorgeschlagene Nachmieter noch keinen Mietvertrag unterschrieben hat, bleibe ich daf\u00fcr verantwortlich und ich muss einen anderen Nachmieter finden.<\/p>\n<p><strong>Und bei Apartis?<\/strong><\/p>\n<p>Abgesehen von einigen Besonderheiten, verf\u00e4hrt Apartis genau gleich mit den Studenten, die Ihre Unterkunft verlassen m\u00f6chten und stellt ihnen K\u00fcndigungsformulare zur Verf\u00fcgung. Nur ein Klick um alle Informationen \u00fcber die <a href=\"https:\/\/apartis.swiss\/de\/mieterinformationen\/kundigung\/\" class=\"broken_link\">Mietvertragsk\u00fcndigung bei Apartis<\/a> sind unter folgendem Link zu zu finden.<\/p>\n<p>&nbsp;<\/p>\n<p>&nbsp;<\/p>\n","protected":false},"excerpt":{"rendered":"<p>Ich m\u00f6chte meine Unterkunft verlassen, wie muss ich vorgehen? Um meine Unterkunft mieten zu k\u00f6nnen habe ich einen Mietvertrag mit meinem Vermieter abgeschlossen. Um die Unterkunft zu verlassen muss ich diesen Mietvertrag schriftlich k\u00fcndigen. Wie funktioniert das? In meinem Mietvertrag finde ich alle wichtigen Informationen, die ich wissen muss, wie z.B. die K\u00fcndigungsfrist und der [&hellip;]<\/p>\n","protected":false},"author":2,"featured_media":10231,"comment_status":"closed","ping_status":"closed","sticky":false,"template":"","format":"standard","meta":{"footnotes":""},"categories":[61,62],"tags":[],"class_list":["post-10223","post","type-post","status-publish","format-standard","has-post-thumbnail","hentry","category-article-fr","category-article-de"],"publishpress_future_action":{"enabled":false,"date":"2026-09-08 09:33:31","action":"change-status","newStatus":"draft","terms":[],"taxonomy":"category"},"_links":{"self":[{"href":"https:\/\/apartis.swiss\/site\/de\/wp-json\/wp\/v2\/posts\/10223"}],"collection":[{"href":"https:\/\/apartis.swiss\/site\/de\/wp-json\/wp\/v2\/posts"}],"about":[{"href":"https:\/\/apartis.swiss\/site\/de\/wp-json\/wp\/v2\/types\/post"}],"author":[{"embeddable":true,"href":"https:\/\/apartis.swiss\/site\/de\/wp-json\/wp\/v2\/users\/2"}],"replies":[{"embeddable":true,"href":"https:\/\/apartis.swiss\/site\/de\/wp-json\/wp\/v2\/comments?post=10223"}],"version-history":[{"count":0,"href":"https:\/\/apartis.swiss\/site\/de\/wp-json\/wp\/v2\/posts\/10223\/revisions"}],"wp:featuredmedia":[{"embeddable":true,"href":"https:\/\/apartis.swiss\/site\/de\/wp-json\/wp\/v2\/media\/10231"}],"wp:attachment":[{"href":"https:\/\/apartis.swiss\/site\/de\/wp-json\/wp\/v2\/media?parent=10223"}],"wp:term":[{"taxonomy":"category","embeddable":true,"href":"https:\/\/apartis.swiss\/site\/de\/wp-json\/wp\/v2\/categories?post=10223"},{"taxonomy":"post_tag","embeddable":true,"href":"https:\/\/apartis.swiss\/site\/de\/wp-json\/wp\/v2\/tags?post=10223"}],"curies":[{"name":"wp","href":"https:\/\/api.w.org\/{rel}","templated":true}]}}